{"id":9409,"date":"2010-12-30T09:54:31","date_gmt":"2010-12-30T08:54:31","guid":{"rendered":"http:\/\/www.agrupament.cat\/portal\/?p=9409"},"modified":"2010-12-30T09:54:31","modified_gmt":"2010-12-30T08:54:31","slug":"es-formalitza-el-traspas-de-funcions-de-politica-territorial-i-obres-publiques","status":"publish","type":"post","link":"https:\/\/www.agrupament.cat\/portal\/2010\/12\/es-formalitza-el-traspas-de-funcions-de-politica-territorial-i-obres-publiques\/","title":{"rendered":"Es formalitza el trasp\u00e0s de funcions de Pol\u00edtica Territorial i Obres P\u00fabliques"},"content":{"rendered":"<p><img loading=\"lazy\" decoding=\"async\" class=\"alignleft size-full wp-image-9323\" title=\"GenCatDPTOP\" src=\"http:\/\/www.agrupament.cat\/portal\/wp-content\/uploads\/2010\/12\/GenCatDPTOP4.jpg\" alt=\"\" width=\"214\" height=\"35\" \/>29\/12\/2010 <strong>Avui s\u2019ha formalitzat el trasp\u00e0s de funcions del Departament de Pol\u00edtica Territorial i Obres P\u00fabliques (PTOP). El conseller sortint, Joaquim Nadal, s\u2019ha reunit aquesta tarda amb Llu\u00eds Recoder, el nou responsable de la conselleria de Territori i Sostenibilitat, per fer efectiu el trasp\u00e0s de compet\u00e8ncies.<\/strong><\/p>\n<p>L\u2019antic titular del Departament, Joaquim Nadal, ha explicat que el trasp\u00e0s no ha comen\u00e7at avui sin\u00f3 que els dos responsables ja s\u2019havien reunit amb anterioritat. Nadal ha destacat que aquesta \u201c\u00e9s una casa que ja abans d\u2019haver-hi afegit l\u2019\u00e0mbit de la sostenibilitat era molt potent i amb gran capacitat d\u2019incid\u00e8ncia en el territori, en la planificaci\u00f3 territorial, en l\u2019ordenaci\u00f3 del territori i en la creaci\u00f3 de les infraestructures que el pa\u00eds necessita\u201d. El conseller sortint de PTOP ha dit estar \u201cmolt satisfet d\u2019aquest trasp\u00e0s\u201d i que creia que en \u201caquesta casa no li hagu\u00e9s pogut tocar un millor conseller que en Llu\u00eds Recoder donades les seves caracter\u00edstiques, circumst\u00e0ncia, traject\u00f2ria i experi\u00e8ncia professional i pol\u00edtica en el terreny municipal i pol\u00edtic en general\u201d.<!--more--><\/p>\n<p>El nou conseller, Llu\u00eds Recoder, ha agra\u00eft a Joaquim Nadal la manera com s\u2019estava produint el trasp\u00e0s, que ha qualificat de \u201cmod\u00e8lic\u201d. Recoder tamb\u00e9 ha recordat les paraules del president de la Generalitat, Artur Mas, en el debat d\u2019investidura sobre la voluntat del Govern \u201cd\u2019aprofitar la bona feina que s\u2019ha fet durant aquests anys\u201d. Ha puntualitzat que en aquesta conselleria \u201chi ha molt\u00edssima feina a aprofitar perqu\u00e8 hi ha molt\u00edssima feina ben feta\u201d.<\/p>\n<p>Recorder tamb\u00e9 ha explicat que continuar\u00e0 impulsant \u201ctotes aquelles pol\u00edtiques que requereix aquest pa\u00eds en el futur\u201d i en tirar\u00e0 endavant de noves. Ha puntualitzat que per les seves \u201corientacions pol\u00edtiques\u201d potser \u201calgun tema s\u2019haur\u00e0 de modificar\u201d.<\/p>\n<p>Els dos consellers han destacat la import\u00e0ncia d\u2019haver estat pr\u00e8viament alcaldes ja que, tal com ha explicat Recorder, aquest fet \u201cd\u00f3na una capacitat especial d\u2019entendre els problemes de Catalunya\u201d.<\/p>\n<p>Aquest mat\u00ed, tots els consellers del nou Govern han pres possessi\u00f3 del c\u00e0rrec al Palau de la Generalitat i han celebrat la primera reuni\u00f3 del Consell Executiu.<\/p>\n","protected":false},"excerpt":{"rendered":"<p>29\/12\/2010 Avui s\u2019ha formalitzat el trasp\u00e0s de funcions del Departament de Pol\u00edtica Territorial i Obres P\u00fabliques (PTOP). El conseller sortint,<\/p>\n","protected":false},"author":4,"featured_media":0,"comment_status":"closed","ping_status":"open","sticky":false,"template":"","format":"standard","meta":{"footnotes":""},"categories":[],"tags":[25,36,6],"class_list":["post-9409","post","type-post","status-publish","format-standard","hentry","tag-actes-congrtesosi-exposicions-fires-i-formacio","tag-catalunya","tag-informacio-de-caracter-general","comments-off"],"_links":{"self":[{"href":"https:\/\/www.agrupament.cat\/portal\/wp-json\/wp\/v2\/posts\/9409","targetHints":{"allow":["GET"]}}],"collection":[{"href":"https:\/\/www.agrupament.cat\/portal\/wp-json\/wp\/v2\/posts"}],"about":[{"href":"https:\/\/www.agrupament.cat\/portal\/wp-json\/wp\/v2\/types\/post"}],"author":[{"embeddable":true,"href":"https:\/\/www.agrupament.cat\/portal\/wp-json\/wp\/v2\/users\/4"}],"replies":[{"embeddable":true,"href":"https:\/\/www.agrupament.cat\/portal\/wp-json\/wp\/v2\/comments?post=9409"}],"version-history":[{"count":1,"href":"https:\/\/www.agrupament.cat\/portal\/wp-json\/wp\/v2\/posts\/9409\/revisions"}],"predecessor-version":[{"id":9410,"href":"https:\/\/www.agrupament.cat\/portal\/wp-json\/wp\/v2\/posts\/9409\/revisions\/9410"}],"wp:attachment":[{"href":"https:\/\/www.agrupament.cat\/portal\/wp-json\/wp\/v2\/media?parent=9409"}],"wp:term":[{"taxonomy":"category","embeddable":true,"href":"https:\/\/www.agrupament.cat\/portal\/wp-json\/wp\/v2\/categories?post=9409"},{"taxonomy":"post_tag","embeddable":true,"href":"https:\/\/www.agrupament.cat\/portal\/wp-json\/wp\/v2\/tags?post=9409"}],"curies":[{"name":"wp","href":"https:\/\/api.w.org\/{rel}","templated":true}]}}