{"id":9046,"date":"2010-11-04T00:40:52","date_gmt":"2010-11-03T23:40:52","guid":{"rendered":"http:\/\/www.agrupament.cat\/portal\/?p=9046"},"modified":"2010-11-04T00:40:52","modified_gmt":"2010-11-03T23:40:52","slug":"adif-inicia-la-segunda-fase-de-las-obras-de-mejora-de-accesibilidad-en-la-estacion-de-sant-vicenc-de-calders-tarragona","status":"publish","type":"post","link":"https:\/\/www.agrupament.cat\/portal\/2010\/11\/adif-inicia-la-segunda-fase-de-las-obras-de-mejora-de-accesibilidad-en-la-estacion-de-sant-vicenc-de-calders-tarragona\/","title":{"rendered":"Adif inicia la segunda fase de las obras de mejora de accesibilidad en la estaci\u00f3n de Sant Vicen\u00e7 de Calders (Tarragona)"},"content":{"rendered":"<p><img loading=\"lazy\" decoding=\"async\" class=\"alignleft size-full wp-image-9047\" title=\"Adif01\" src=\"http:\/\/www.agrupament.cat\/portal\/wp-content\/uploads\/2010\/11\/Adif013.gif\" alt=\"\" width=\"83\" height=\"35\" \/>Red de cercan\u00edas de Barcelona<br \/>\n<strong>\u00b7 Los trabajos, con una inversi\u00f3n de 2,2 millones de euros, consistir\u00e1n en la ejecuci\u00f3n de un nuevo paso inferior dotado de ascensores y la modernizaci\u00f3n del edificio de viajeros, entre otras actuaciones<br \/>\n\u00b7 En la primera fase se invirtieron m\u00e1s de 1,7 millones de euros en el recrecido y prolongaci\u00f3n de los andenes para permitir un acceso m\u00e1s seguro y c\u00f3modo a los trenes <\/strong><\/p>\n<p>Barcelona, 03 de noviembre de 2010 (Adif).<br \/>\nAdif ha iniciado la segunda fase de las obras de mejora de la accesibilidad en la estaci\u00f3n de Sant Vicen\u00e7 de Calders, en la provincia de Tarragona, que supondr\u00e1 una inversi\u00f3n de 2.195.301,7 euros.<\/p>\n<p>Estas actuaciones se enmarcan en el convenio firmado entre el Ministerio de Fomento, Adif y la Seitt (Sociedad Estatal de Infraestructuras del Transporte Terrestre) para la realizaci\u00f3n de actuaciones de mejora de la red ferroviaria de titularidad del Estado en Catalu\u00f1a, que incluye la ejecuci\u00f3n de inversiones para la modernizaci\u00f3n de estaciones y la mejora de l\u00edneas. <!--more--><\/p>\n<p>La principal actuaci\u00f3n de la segunda fase de las obras consiste en la remodelaci\u00f3n del paso inferior existente, que se prolongar\u00e1 por debajo de los andenes que dan acceso a las v\u00edas 7, 9, 11 y 13.<\/p>\n<p>De este modo, la actual escalera de salida se situar\u00e1 al final del paso una vez que este haya sido reformado. Asimismo, se incluir\u00e1n tres ascensores, lo que supondr\u00e1 la reorganizaci\u00f3n de los accesos y la sustituci\u00f3n, en el tramo izquierdo en direcci\u00f3n Tarragona, de la pareja de ascensores que ya existe.<\/p>\n<p>En las v\u00edas 7, 9, 11 y 13 se desplazar\u00e1n las toperas entre 10 y 17 m para garantizar una longitud m\u00ednima de estacionamiento de 200 m por and\u00e9n al tratarse de una estaci\u00f3n t\u00e9rmino. Debido a este desplazamiento, deber\u00e1n reubicarse todas las instalaciones.<\/p>\n<p>Adem\u00e1s, los trabajos conllevar\u00e1n la demolici\u00f3n de la antigua escalera del paso inferior, situada entre los andenes de las v\u00edas 5 y 7. Tambi\u00e9n se renovar\u00e1n por completo los revestimientos e instalaciones del paso, y se instalar\u00e1n marquesinas en una longitud de al menos 80 m en todos los andenes.<\/p>\n<p>Del mismo modo, se desmontar\u00e1 el falso techo existente y en su lugar se instalar\u00e1n placas desmontables, que servir\u00e1n de soporte a las luminarias del vest\u00edbulo. Se dispondr\u00e1n, tambi\u00e9n, nuevos torniquetes adaptados a los usuarios con discapacidad.<\/p>\n<p>En el marco de estos trabajos tambi\u00e9n est\u00e1 previsto nivelar el terreno que rodea al edificio de viajeros, de modo que la cota del vest\u00edbulo de acceso quede al mismo nivel que el and\u00e9n, garantizando as\u00ed recorridos adaptados a personas con discapacidad.<\/p>\n<p>Finalmente, se redistribuir\u00e1 el aparcamiento para reservar dos plazas para personas con discapacidad, dos plazas para taxi y otras dos de estacionamiento moment\u00e1neo, que se ubicar\u00e1n en el acceso al edificio. Se incluir\u00e1n, tambi\u00e9n, un recinto para motos y otro para bicicletas.<\/p>\n<p>En la primera fase del proyecto, que concluy\u00f3 en julio, se recrecieron y prolongaron los andenes para compatibilizarlos con los nuevos trenes que se est\u00e1n incorporando a la red de cercan\u00edas. Esta actuaci\u00f3n supuso una inversi\u00f3n de 1,7 millones de euros.<\/p>\n","protected":false},"excerpt":{"rendered":"<p>Red de cercan\u00edas de Barcelona \u00b7 Los trabajos, con una inversi\u00f3n de 2,2 millones de euros, consistir\u00e1n en la ejecuci\u00f3n<\/p>\n","protected":false},"author":4,"featured_media":0,"comment_status":"closed","ping_status":"open","sticky":false,"template":"","format":"standard","meta":{"footnotes":""},"categories":[],"tags":[43,19,32],"class_list":["post-9046","post","type-post","status-publish","format-standard","hentry","tag-estacions","tag-infraestructures","tag-tarragona","comments-off"],"_links":{"self":[{"href":"https:\/\/www.agrupament.cat\/portal\/wp-json\/wp\/v2\/posts\/9046","targetHints":{"allow":["GET"]}}],"collection":[{"href":"https:\/\/www.agrupament.cat\/portal\/wp-json\/wp\/v2\/posts"}],"about":[{"href":"https:\/\/www.agrupament.cat\/portal\/wp-json\/wp\/v2\/types\/post"}],"author":[{"embeddable":true,"href":"https:\/\/www.agrupament.cat\/portal\/wp-json\/wp\/v2\/users\/4"}],"replies":[{"embeddable":true,"href":"https:\/\/www.agrupament.cat\/portal\/wp-json\/wp\/v2\/comments?post=9046"}],"version-history":[{"count":1,"href":"https:\/\/www.agrupament.cat\/portal\/wp-json\/wp\/v2\/posts\/9046\/revisions"}],"predecessor-version":[{"id":9048,"href":"https:\/\/www.agrupament.cat\/portal\/wp-json\/wp\/v2\/posts\/9046\/revisions\/9048"}],"wp:attachment":[{"href":"https:\/\/www.agrupament.cat\/portal\/wp-json\/wp\/v2\/media?parent=9046"}],"wp:term":[{"taxonomy":"category","embeddable":true,"href":"https:\/\/www.agrupament.cat\/portal\/wp-json\/wp\/v2\/categories?post=9046"},{"taxonomy":"post_tag","embeddable":true,"href":"https:\/\/www.agrupament.cat\/portal\/wp-json\/wp\/v2\/tags?post=9046"}],"curies":[{"name":"wp","href":"https:\/\/api.w.org\/{rel}","templated":true}]}}