{"id":8844,"date":"2010-10-18T12:13:00","date_gmt":"2010-10-18T11:13:00","guid":{"rendered":"http:\/\/www.agrupament.cat\/portal\/?p=8844"},"modified":"2010-10-20T06:34:19","modified_gmt":"2010-10-20T05:34:19","slug":"una-vaga-a-franca-afecta-la-circulacio-dels-trens-internacionals-que-enllacen-catalunya-amb-franca-italia-i-suissa-4","status":"publish","type":"post","link":"https:\/\/www.agrupament.cat\/portal\/2010\/10\/una-vaga-a-franca-afecta-la-circulacio-dels-trens-internacionals-que-enllacen-catalunya-amb-franca-italia-i-suissa-4\/","title":{"rendered":"Una vaga a Fran\u00e7a afecta la circulaci\u00f3 dels trens internacionals que enllacen Catalunya amb Fran\u00e7a, It\u00e0lia i Su\u00efssa"},"content":{"rendered":"<p><strong><img loading=\"lazy\" decoding=\"async\" class=\"alignleft size-full wp-image-8845\" title=\"Renfe02\" src=\"http:\/\/www.agrupament.cat\/portal\/wp-content\/uploads\/2010\/10\/Renfe023.gif\" alt=\"\" width=\"83\" height=\"35\" \/>L\u2019afectaci\u00f3, es perllonga fins les 8.00 hores del dimarts 19 d\u2019octubre<\/strong><br \/>\n<strong>\u2022 En aquest per\u00edode, els serveis de Media Distancia amb destinaci\u00f3 Cerb\u00e8re inicien i finalitzen el seu recorregut a l\u2019estaci\u00f3 de Portbou<br \/>\n\u2022 Els clients tenen a la seva disposici\u00f3 el tel\u00e8fon d\u2019informaci\u00f3 i atenci\u00f3 al client <span style=\"color: #800080;\">902 320 320<\/span><br \/>\n<\/strong><br \/>\nBarcelona, 18 d\u2019octubre de 2010.<br \/>\nLa convocat\u00f2ria d\u2019aturada laboral a Fran\u00e7a des de les 20 hores de l\u201911 d\u2019octubre fins a les 8.00 hores del dimarts dia 19 d\u2019octubre afectar\u00e0 a la circulaci\u00f3 de trens internacionals que enllacen Catalunya amb Fran\u00e7a, It\u00e0lia i Su\u00efssa. Els trens afectats per la vaga s\u00f3n els seg\u00fcents:<\/p>\n<p><strong>\u2022 18 d\u2019octubre<\/strong><br \/>\n&#8211; Talgo Mare Nostrum Montpellier \u2013 Cartagena iniciar\u00e0 el seu recorregut a Portbou. Els viatgers del tram Montpellier \u2013 Portbou seran traslladats per carretera des del seu origen fins a\u00a0 Figueres.<br \/>\n&#8211; Talgo Barcelona \u2013 Montpellier i viceversa <span style=\"color: #ff0000;\">suprimit en tot el seu recorregut<\/span><br \/>\n&#8211; Talgo Lorca \u2013 Montpellier finalitza el seu trajecte a Portbou. Els viatgers del tram Portbou\u2013 Montpellier seran traslladats per carretera des de Figueres fins a destinaci\u00f3.<br \/>\n&#8211; Trenhotel Mil\u00e0 -Barcelona. Servei alternatiu per carretera entre Mil\u00e0 i Barcelona Estaci\u00f3 de Fran\u00e7a.<br \/>\n&#8211; Trenhotel Zurich-Barcelona. Els viatgers disposaran del servei dels ferrocarrils su\u00efssos entre Zurich i Ginebra. El trajecte Ginebra -Barcelona Estaci\u00f3 de Fran\u00e7a es far\u00e0 amb un servei alternatiu d\u2019autobusos entre les dues ciutats.<br \/>\n-Trenhotel Barcelona-Paris i viceversa. <span style=\"color: #ff0000;\">Suprimit en tot el seu recorregut<\/span><\/p>\n<p><strong>\u2022 19 d\u2019octubre<\/strong><br \/>\n&#8211; Talgo Mare Nostrum Montpellier \u2013 Cartagena iniciar\u00e0 el seu recorregut a Portbou. Els viatgers del tram Montpellier \u2013 Portbou seran traslladats per carretera des del seu origen fins a\u00a0 Figueres.<br \/>\n&#8211; Trenhotel Barcelona -Mil\u00e0. Servei alternatiu per carretera entre Barcelona Estaci\u00f3 de Fran\u00e7a i Mil\u00e0.<br \/>\n&#8211; Trenhotel Barcelona -Zurich. Servei d\u2019Autobusos des de Barcelona Estaci\u00f3 de Fran\u00e7a fins a Ginebra, des d\u2019on els viatgers disposaran dels serveis dels ferrocarrils su\u00efssos entre Ginebra i Zurich.<\/p>\n<p>D\u2019altra banda, pel que fa els trens de Media Distancia de la l\u00ednia Barcelona \u2013 Girona \u2013 Portbou \u2013 Cerb\u00e8re, inicien i finalitzen el seu recorregut a Portbou.<\/p>\n<p>Renfe \u00e9s completament aliena a aquesta circumst\u00e0ncia i lamenta les mol\u00e8sties que pogu\u00e9s provocar aquesta vaga. D\u2019altra banda, recomana als seus clients la consulta de qualsevol possible incid\u00e8ncia a la circulaci\u00f3 del seu tren o la resoluci\u00f3 de dubtes a l\u2019efecte en el tel\u00e8fon \u00fanic d\u2019atenci\u00f3 i reserves: <strong><span style=\"color: #800080;\">902 320 320.<\/span><\/strong><\/p>\n<p>A m\u00e9s, Renfe ha establert com a mesures de postvenda el reemborsament del 100% del import del bitllet pels clients que desisteixin del seu viatge o canvi de data del viatge sense costos pels viatgers que es decideixin per aquesta opci\u00f3.<\/p>\n","protected":false},"excerpt":{"rendered":"<p>L\u2019afectaci\u00f3, es perllonga fins les 8.00 hores del dimarts 19 d\u2019octubre \u2022 En aquest per\u00edode, els serveis de Media Distancia<\/p>\n","protected":false},"author":4,"featured_media":0,"comment_status":"closed","ping_status":"open","sticky":false,"template":"","format":"standard","meta":{"footnotes":""},"categories":[],"tags":[39,42,45,58],"class_list":["post-8844","post","type-post","status-publish","format-standard","hentry","tag-internacional","tag-llarga-distancia-larga-distancia","tag-regionals-media-distancia","tag-vagas-huelgas","comments-off"],"_links":{"self":[{"href":"https:\/\/www.agrupament.cat\/portal\/wp-json\/wp\/v2\/posts\/8844","targetHints":{"allow":["GET"]}}],"collection":[{"href":"https:\/\/www.agrupament.cat\/portal\/wp-json\/wp\/v2\/posts"}],"about":[{"href":"https:\/\/www.agrupament.cat\/portal\/wp-json\/wp\/v2\/types\/post"}],"author":[{"embeddable":true,"href":"https:\/\/www.agrupament.cat\/portal\/wp-json\/wp\/v2\/users\/4"}],"replies":[{"embeddable":true,"href":"https:\/\/www.agrupament.cat\/portal\/wp-json\/wp\/v2\/comments?post=8844"}],"version-history":[{"count":2,"href":"https:\/\/www.agrupament.cat\/portal\/wp-json\/wp\/v2\/posts\/8844\/revisions"}],"predecessor-version":[{"id":8877,"href":"https:\/\/www.agrupament.cat\/portal\/wp-json\/wp\/v2\/posts\/8844\/revisions\/8877"}],"wp:attachment":[{"href":"https:\/\/www.agrupament.cat\/portal\/wp-json\/wp\/v2\/media?parent=8844"}],"wp:term":[{"taxonomy":"category","embeddable":true,"href":"https:\/\/www.agrupament.cat\/portal\/wp-json\/wp\/v2\/categories?post=8844"},{"taxonomy":"post_tag","embeddable":true,"href":"https:\/\/www.agrupament.cat\/portal\/wp-json\/wp\/v2\/tags?post=8844"}],"curies":[{"name":"wp","href":"https:\/\/api.w.org\/{rel}","templated":true}]}}