{"id":8428,"date":"2010-09-09T23:54:02","date_gmt":"2010-09-09T22:54:02","guid":{"rendered":"http:\/\/www.agrupament.cat\/portal\/?p=8428"},"modified":"2010-09-10T01:59:21","modified_gmt":"2010-09-10T00:59:21","slug":"renfe-patrocina-la-28a-edicio-de-la-setmana-del-llibre-en-catala","status":"publish","type":"post","link":"https:\/\/www.agrupament.cat\/portal\/2010\/09\/renfe-patrocina-la-28a-edicio-de-la-setmana-del-llibre-en-catala\/","title":{"rendered":"Renfe patrocina la 28a edici\u00f3 de la Setmana del Llibre en Catal\u00e0"},"content":{"rendered":"<p><img loading=\"lazy\" decoding=\"async\" class=\"alignleft size-full wp-image-8429\" title=\"Renfe02\" src=\"http:\/\/www.agrupament.cat\/portal\/wp-content\/uploads\/2010\/09\/Renfe021.gif\" alt=\"\" width=\"83\" height=\"35\" \/>Es celebra entre el 10 i el 19 de setembre<br \/>\n<strong>\u2022 Renfe mant\u00e9 la seva col\u2022laboraci\u00f3 amb la Setmana des de la seva primera edici\u00f3 al 1983<br \/>\n\u2022 Aquesta iniciativa s\u2019emmarca en el comprom\u00eds de Renfe amb la cultura dintre de la seva estrat\u00e8gia de Responsabilitat Social, Un tren de valors<\/strong><\/p>\n<p>Barcelona, 9 de setembre de 2010 (Renfe).<br \/>\nRenfe patrocina la 28a edici\u00f3 de la Setmana del Llibre en Catal\u00e0, que aquest any es celebra del 10 al 19 de setembre al Parc de la Ciutadella de Barcelona. Es tracta de la gran festa de les Lletres i de les Arts catalanes, amb una oferta de m\u00e9s de 20.000 t\u00edtols, presentacions de novetats editorials, taules rodones i actes de signatures d\u2019autors.<\/p>\n<p>L&#8217;any 1983, el vest\u00edbul de l&#8217;estaci\u00f3 de Sants acoll\u00ed la primera edici\u00f3 de la Setmana del Llibre en Catal\u00e0. Des de llavors, any rere any, la Setmana del Llibre en Catal\u00e0 s&#8217;ha anat consolidant i creixent, convertint-se en una festa per als lectors en catal\u00e0. Amb la intenci\u00f3 d&#8217;arribar encara a m\u00e9s gent, a partir de 1999 es van incorporar noves seus a la de Barcelona. Han estat seus de la Setmana del Llibre en Catal\u00e0 les ciutats de Girona, Tarragona, Perpiny\u00e0, Palma, Madrid i Nova York.<!--more--><\/p>\n<p>En aquesta 28a edici\u00f3 de la Setmana del Llibre en Catal\u00e0 es proposa donar m\u00e9s pres\u00e8ncia a les activitats relacionals i participatives. El Dictat o la Lectura P\u00fablica, s\u00f3n entreteniments que pretenen la participaci\u00f3 ciutadana.<\/p>\n<p>A m\u00e9s aquest any, hi participen personalitats liter\u00e0ries, art\u00edstiques i cient\u00edfiques que avalen la qualitat de la nova proposta. Tot mantenint l\u2019espai d\u2019exposici\u00f3 i venda d\u2019una gran representaci\u00f3 del fons editorial en llengua catalana.Aquesta iniciativa de Renfe s&#8217;emmarca dintre de la seva estrat\u00e8gia de Responsabilitat Social Empresarial, un comprom\u00eds ferm que es desenvolupa sota el lema \u201c<a href=\"http:\/\/www.renfe.com\/CA\/empresa\/RSE\/index.html\"><strong>Un Tren de Valors<\/strong><\/a>\u201d i que uneix a l&#8217;empresa amb la societat i el seu entorn. D&#8217;aquesta forma, totes les accions de RSE en les quals Renfe estigui involucrada s&#8217;articulen en quatre grans eixos o compromisos, amb la societat, la cultura, la sostenibilitat i l\u2019\u00e8tica.<\/p>\n","protected":false},"excerpt":{"rendered":"<p>Es celebra entre el 10 i el 19 de setembre \u2022 Renfe mant\u00e9 la seva col\u2022laboraci\u00f3 amb la Setmana des<\/p>\n","protected":false},"author":4,"featured_media":0,"comment_status":"closed","ping_status":"open","sticky":false,"template":"","format":"standard","meta":{"footnotes":""},"categories":[],"tags":[25,36,26],"class_list":["post-8428","post","type-post","status-publish","format-standard","hentry","tag-actes-congrtesosi-exposicions-fires-i-formacio","tag-catalunya","tag-publicacions-publicaciones-diris-diarios-revistes-revistas-llibres-libros-tv","comments-off"],"_links":{"self":[{"href":"https:\/\/www.agrupament.cat\/portal\/wp-json\/wp\/v2\/posts\/8428","targetHints":{"allow":["GET"]}}],"collection":[{"href":"https:\/\/www.agrupament.cat\/portal\/wp-json\/wp\/v2\/posts"}],"about":[{"href":"https:\/\/www.agrupament.cat\/portal\/wp-json\/wp\/v2\/types\/post"}],"author":[{"embeddable":true,"href":"https:\/\/www.agrupament.cat\/portal\/wp-json\/wp\/v2\/users\/4"}],"replies":[{"embeddable":true,"href":"https:\/\/www.agrupament.cat\/portal\/wp-json\/wp\/v2\/comments?post=8428"}],"version-history":[{"count":1,"href":"https:\/\/www.agrupament.cat\/portal\/wp-json\/wp\/v2\/posts\/8428\/revisions"}],"predecessor-version":[{"id":8430,"href":"https:\/\/www.agrupament.cat\/portal\/wp-json\/wp\/v2\/posts\/8428\/revisions\/8430"}],"wp:attachment":[{"href":"https:\/\/www.agrupament.cat\/portal\/wp-json\/wp\/v2\/media?parent=8428"}],"wp:term":[{"taxonomy":"category","embeddable":true,"href":"https:\/\/www.agrupament.cat\/portal\/wp-json\/wp\/v2\/categories?post=8428"},{"taxonomy":"post_tag","embeddable":true,"href":"https:\/\/www.agrupament.cat\/portal\/wp-json\/wp\/v2\/tags?post=8428"}],"curies":[{"name":"wp","href":"https:\/\/api.w.org\/{rel}","templated":true}]}}