{"id":8396,"date":"2010-09-07T05:51:52","date_gmt":"2010-09-07T04:51:52","guid":{"rendered":"http:\/\/www.agrupament.cat\/portal\/?p=8396"},"modified":"2010-09-07T05:51:52","modified_gmt":"2010-09-07T04:51:52","slug":"es-restableix-amb-normalitat-la-circulacio-al-tram-sant-andreu-arenal-%e2%80%93-arc-de-triomf","status":"publish","type":"post","link":"https:\/\/www.agrupament.cat\/portal\/2010\/09\/es-restableix-amb-normalitat-la-circulacio-al-tram-sant-andreu-arenal-%e2%80%93-arc-de-triomf\/","title":{"rendered":"Es restableix amb normalitat la circulaci\u00f3 al tram Sant Andreu Arenal \u2013 Arc de Triomf"},"content":{"rendered":"<p><img loading=\"lazy\" decoding=\"async\" class=\"alignleft size-full wp-image-8398\" title=\"Rodalies Catalunya Renfe\" src=\"http:\/\/www.agrupament.cat\/portal\/wp-content\/uploads\/2010\/09\/Rodalies-Catalunya-Renfe.png\" alt=\"\" width=\"179\" height=\"35\" \/>Es restableix amb normalitat la circulaci\u00f3 al tram Sant Andreu Arenal \u2013 Arc de Triomf<br \/>\n<strong>\u2022 Les l\u00ednies R3, R4 i R7 de Rodalies de Catalunya recuperen el seu recorregut habitual una setmana abans del previst per l\u2019\u00f2ptim desenvolupament de les obres que executa Adif a l\u2019estaci\u00f3 de Sagrera \u2013 Meridiana<br \/>\n<\/strong><br \/>\n\u2022 A les 06.20 hores ha iniciat el servei el nou tren semidirecte Puigcerd\u00e0 &#8211; Barcelona<\/p>\n<p>A l\u2019inici del servei d\u2019avui, s\u2019ha restablert la circulaci\u00f3 ferrovi\u00e0ria entre les estacions de Sant Andreu Arenal i Arc de Triomf, despr\u00e9s que Adif hagi executat les obres per a la construcci\u00f3 de la futura estaci\u00f3 de Sagrera \u2013 Meridiana que afectaven el tram de t\u00fanel situat entre ambdues estacions.<\/p>\n<p>D\u2019aquesta manera, les l\u00ednies R3 (l\u2019Hospitalet \u2013 Puigcerd\u00e0 per Vic), R4 (Sant Vicen\u00e7 de Calders \u2013 Manresa per Vilafranca del Pened\u00e8s) i R7 (l\u2019Hospitalet \u2013 Martorell per Cerdanyola Universitat)\u00a0 de Rodalies de Catalunya recuperen el seu recorregut habitual. <!--more--><\/p>\n<p>A les 06.20 hores, tal com estava previst, ha iniciat el servei el nou tren semidirecte Puigcerd\u00e0 \u2013 Barcelona. Aquest nou tren circular\u00e0 de dilluns, a divendres amb sortida de Puigcerd\u00e0 a les 06.20 i arribada a Pla\u00e7a de Catalunya a les 08.49 hores, mentre que en sentit contrari sortir\u00e0 de Pla\u00e7a Catalunya a les 18.32 i arribar\u00e0 a Puigcerd\u00e0 a les 20.56 hores.<\/p>\n<p>En el seu recorregut tindran parada a Ripoll i Vic, que reduiran fins 27 i\u00a0 20 minuts respectivament el seu millor temps de viatge amb Barcelona.<\/p>\n<p>Avui tamb\u00e9 han entrat en funcionament les millores previstes en el servei de Rodalies de Catalunya, com \u00e9s el increment de places a les l\u00ednies R2 sud i R4, amb la implantaci\u00f3 de trens Civia de 5 cotxes en doble composici\u00f3 a l\u2019 R2 sud, i l\u2019increment del n\u00famero de trens en doble composici\u00f3 a l\u2019R4.<br \/>\nBarcelona, 6 de setembre de 2010<\/p>\n","protected":false},"excerpt":{"rendered":"<p>Es restableix amb normalitat la circulaci\u00f3 al tram Sant Andreu Arenal \u2013 Arc de Triomf \u2022 Les l\u00ednies R3, R4<\/p>\n","protected":false},"author":4,"featured_media":0,"comment_status":"closed","ping_status":"open","sticky":false,"template":"","format":"standard","meta":{"footnotes":""},"categories":[],"tags":[36,19,44,2],"class_list":["post-8396","post","type-post","status-publish","format-standard","hentry","tag-catalunya","tag-infraestructures","tag-rodalies-cercanias","tag-sant-andreu-districte","comments-off"],"_links":{"self":[{"href":"https:\/\/www.agrupament.cat\/portal\/wp-json\/wp\/v2\/posts\/8396","targetHints":{"allow":["GET"]}}],"collection":[{"href":"https:\/\/www.agrupament.cat\/portal\/wp-json\/wp\/v2\/posts"}],"about":[{"href":"https:\/\/www.agrupament.cat\/portal\/wp-json\/wp\/v2\/types\/post"}],"author":[{"embeddable":true,"href":"https:\/\/www.agrupament.cat\/portal\/wp-json\/wp\/v2\/users\/4"}],"replies":[{"embeddable":true,"href":"https:\/\/www.agrupament.cat\/portal\/wp-json\/wp\/v2\/comments?post=8396"}],"version-history":[{"count":1,"href":"https:\/\/www.agrupament.cat\/portal\/wp-json\/wp\/v2\/posts\/8396\/revisions"}],"predecessor-version":[{"id":8399,"href":"https:\/\/www.agrupament.cat\/portal\/wp-json\/wp\/v2\/posts\/8396\/revisions\/8399"}],"wp:attachment":[{"href":"https:\/\/www.agrupament.cat\/portal\/wp-json\/wp\/v2\/media?parent=8396"}],"wp:term":[{"taxonomy":"category","embeddable":true,"href":"https:\/\/www.agrupament.cat\/portal\/wp-json\/wp\/v2\/categories?post=8396"},{"taxonomy":"post_tag","embeddable":true,"href":"https:\/\/www.agrupament.cat\/portal\/wp-json\/wp\/v2\/tags?post=8396"}],"curies":[{"name":"wp","href":"https:\/\/api.w.org\/{rel}","templated":true}]}}