{"id":8295,"date":"2010-08-17T08:24:07","date_gmt":"2010-08-17T07:24:07","guid":{"rendered":"http:\/\/www.agrupament.cat\/portal\/?p=8295"},"modified":"2010-08-17T08:26:00","modified_gmt":"2010-08-17T07:26:00","slug":"el-dptop-millora-laccessibilitat-de-les-estacions-de-ll3-de-palau-reial-i-zona-universitaria","status":"publish","type":"post","link":"https:\/\/www.agrupament.cat\/portal\/2010\/08\/el-dptop-millora-laccessibilitat-de-les-estacions-de-ll3-de-palau-reial-i-zona-universitaria\/","title":{"rendered":"El DPTOP millora l&#8217;accessibilitat de les estacions de l&#8217;L3 de Palau Reial i Zona Universit\u00e0ria"},"content":{"rendered":"<p><strong><img loading=\"lazy\" decoding=\"async\" class=\"alignleft size-full wp-image-8296\" title=\"GenCatOP01\" src=\"http:\/\/www.agrupament.cat\/portal\/wp-content\/uploads\/2010\/08\/GenCatOP015.jpg\" alt=\"\" width=\"214\" height=\"35\" \/>El Departament de Pol\u00edtica Territorial i Obres P\u00fabliques ha completat les obres d\u2019adaptaci\u00f3 a persones amb mobilitat redu\u00efda a l\u2019estaci\u00f3 de l\u2019L3 de Palau Reial i ha millorat l\u2019accessibilitat de l\u2019estaci\u00f3 de Zona Universit\u00e0ria.<\/strong> En aquest sentit, ha posat en marxa en total 3 ascensors per millorar les connexions entre els diferents nivells de les estacions. Concretament, dos ascensors per enlla\u00e7ar vest\u00edbul i andanes a Palau Reial, i un altre per comunicar el vest\u00edbul amb l\u2019andana costat muntanya a Zona Universit\u00e0ria. L\u2019actuaci\u00f3 ha comportat un cost global de 2,5 MEUR. Amb aquesta ja s\u00f3n 111 les estacions de la xarxa de Metro accessibles a persones amb mobilitat redu\u00efda, el 80% de la xarxa.<!--more--><\/p>\n<p><strong>Ascensor<\/strong><br \/>\nEl Govern treballa en l\u2019execuci\u00f3 d\u2019un pla de millora de l\u2019accessibilitat a les estacions de metro i FGC, per facilitar i garantir la llibertat de moviments de tots els viatgers per la xarxa de transport p\u00fablic per tal que puguin accedir-hi i moure\u2019s amb igualtat de condicions.<\/p>\n<p>Aix\u00ed, en els \u00faltims anys ha impulsat obres d\u2019adaptaci\u00f3 a persones amb mobilitat redu\u00efda d\u2019estacions ja existents, que se sumen a les noves estacions en funcionament, ja adaptades inicialment. En aquest sentit, actualment el 80% de la xarxa de Metro ja \u00e9s completament accessible, amb 111 estacions adaptades de les 138 actualment en servei, incloent les 3 noves estacions del perllongament de l\u2019L5 entre Horta i Vall d\u2019Hebron, les 11 noves estacions de l\u2019L9\/L10 en servei de Badalona i Santa Coloma de Gramenet fins a La Sagrera, o les estacions adaptades recentment de l\u2019L3 de Lesseps, Montbau i de l\u2019L4 de Guinard\u00f3\/Hospital de Sant Pau, entre d\u2019altres.<\/p>\n<p>En aquest marc, el DPTOP ha completat ara l\u2019adaptaci\u00f3 a persones amb mobilitat redu\u00efda de l\u2019estaci\u00f3 de l\u2019L3 de Palau Reial, amb la posada en funcionament de 2 nous ascensors. Pel que fa a l\u2019estaci\u00f3 de Zona Universit\u00e0ria de l\u2019L3, s\u2019ha millorat la seva accessibilitat amb un ascensor per enlla\u00e7ar el vest\u00edbul amb l\u2019andana costat muntanya.<\/p>\n<p><strong>Adaptaci\u00f3 completa a Palau Reial<\/strong><br \/>\nLes obres d\u2019adaptaci\u00f3 de l\u2019estaci\u00f3 de Palau Reial que ara s\u2019han completat han consistit en la instal\u00b7laci\u00f3 de 2 ascensors per enlla\u00e7ar el vest\u00edbul i les dues andanes, amb una inversi\u00f3 d\u20191,8 MEUR.<\/p>\n<p>Pel que fa a l\u2019ascensor exterior, situat al costat mar de l\u2019avinguda de la Diagonal, a l\u2019altura del carrer de Mart\u00ed i Franqu\u00e8s, es va habilitar en el marc de les obres de construcci\u00f3 de la l\u00ednia del Trambaix.<\/p>\n<p><strong>Millora de l\u2019accessibilitat a Zona Universit\u00e0ria<\/strong><br \/>\nD\u2019altra banda, el Govern treballa en l\u2019adaptaci\u00f3 de l\u2019estaci\u00f3 de l\u2019L3 de Zona Universit\u00e0ria, en paral\u00b7lel a les obres de l\u2019L9\/L10, actualment en execuci\u00f3 en aquest punt. En el marc d\u2019aquestes obres, s\u2019instal\u00b7lar\u00e0 un ascensor a peu de carrer per enlla\u00e7ar amb els vest\u00edbuls de l\u2019intercanviador, aix\u00ed com un ascensor que comunicar\u00e0 l\u2019andana costat mar de l\u2019L3 i el vest\u00edbul.<\/p>\n<p>Aix\u00ed, de moment, s\u2019ha posat en funcionament un nou ascensor per comunicar el vest\u00edbul de l\u2019L3 amb l\u2019andana costat muntanya, amb una inversi\u00f3 de 0,7 MEUR.<\/p>\n","protected":false},"excerpt":{"rendered":"<p>El Departament de Pol\u00edtica Territorial i Obres P\u00fabliques ha completat les obres d\u2019adaptaci\u00f3 a persones amb mobilitat redu\u00efda a l\u2019estaci\u00f3<\/p>\n","protected":false},"author":4,"featured_media":0,"comment_status":"closed","ping_status":"open","sticky":false,"template":"","format":"standard","meta":{"footnotes":""},"categories":[],"tags":[35,19,56],"class_list":["post-8295","post","type-post","status-publish","format-standard","hentry","tag-barcelona","tag-infraestructures","tag-metro-barcelona-tmb","comments-off"],"_links":{"self":[{"href":"https:\/\/www.agrupament.cat\/portal\/wp-json\/wp\/v2\/posts\/8295","targetHints":{"allow":["GET"]}}],"collection":[{"href":"https:\/\/www.agrupament.cat\/portal\/wp-json\/wp\/v2\/posts"}],"about":[{"href":"https:\/\/www.agrupament.cat\/portal\/wp-json\/wp\/v2\/types\/post"}],"author":[{"embeddable":true,"href":"https:\/\/www.agrupament.cat\/portal\/wp-json\/wp\/v2\/users\/4"}],"replies":[{"embeddable":true,"href":"https:\/\/www.agrupament.cat\/portal\/wp-json\/wp\/v2\/comments?post=8295"}],"version-history":[{"count":2,"href":"https:\/\/www.agrupament.cat\/portal\/wp-json\/wp\/v2\/posts\/8295\/revisions"}],"predecessor-version":[{"id":8299,"href":"https:\/\/www.agrupament.cat\/portal\/wp-json\/wp\/v2\/posts\/8295\/revisions\/8299"}],"wp:attachment":[{"href":"https:\/\/www.agrupament.cat\/portal\/wp-json\/wp\/v2\/media?parent=8295"}],"wp:term":[{"taxonomy":"category","embeddable":true,"href":"https:\/\/www.agrupament.cat\/portal\/wp-json\/wp\/v2\/categories?post=8295"},{"taxonomy":"post_tag","embeddable":true,"href":"https:\/\/www.agrupament.cat\/portal\/wp-json\/wp\/v2\/tags?post=8295"}],"curies":[{"name":"wp","href":"https:\/\/api.w.org\/{rel}","templated":true}]}}