{"id":8291,"date":"2010-08-17T08:20:34","date_gmt":"2010-08-17T07:20:34","guid":{"rendered":"http:\/\/www.agrupament.cat\/portal\/?p=8291"},"modified":"2010-08-17T08:24:33","modified_gmt":"2010-08-17T07:24:33","slug":"adif-invertira-mas-de-850-000-euros-en-la-mejora-de-la-estacion-de-cabrera-de-mar-vilassar-de-mar-barcelona","status":"publish","type":"post","link":"https:\/\/www.agrupament.cat\/portal\/2010\/08\/adif-invertira-mas-de-850-000-euros-en-la-mejora-de-la-estacion-de-cabrera-de-mar-vilassar-de-mar-barcelona\/","title":{"rendered":"Adif invertir\u00e1 m\u00e1s de 850.000 euros en la mejora de la estaci\u00f3n de Cabrera de Mar-Vilassar de Mar (Barcelona)"},"content":{"rendered":"<p><img loading=\"lazy\" decoding=\"async\" class=\"alignleft size-full wp-image-8293\" title=\"Adif01\" src=\"http:\/\/www.agrupament.cat\/portal\/wp-content\/uploads\/2010\/08\/Adif0115.gif\" alt=\"\" width=\"83\" height=\"35\" \/>Modernizaci\u00f3n de la red de cercan\u00edas de Barcelona<br \/>\n<strong>\u2022\u00a0\u00a0 \u00a0Se prolongar\u00e1n y recrecer\u00e1n los andenes para facilitar el acceso de los usuarios a los trenes<br \/>\n<\/strong><br \/>\nBarcelona, 16 de agosto de 2010 (Adif).<\/p>\n<p>Adif ha iniciado las obras de mejora de la accesibilidad de la estaci\u00f3n de Cabrera de Mar-Vilassar de Mar (Barcelona), perteneciente a la l\u00ednea de ancho convencional Barcelona-Matar\u00f3-Ma\u00e7anet, con una inversi\u00f3n de 857.868,4 euros.<\/p>\n<p>La ejecuci\u00f3n de estas obras se enmarca en el convenio firmado entre el Ministerio de Fomento, Adif y SEITT (Sociedad Estatal de Infraestructuras del Transporte Terrestre) para la realizaci\u00f3n de actuaciones de mejora de la red ferroviaria de titularidad del Estado en Catalu\u00f1a, en el que se incluyen inversiones para la modernizaci\u00f3n de estaciones y diversas actuaciones de mejora.<!--more--><\/p>\n<p>Adem\u00e1s, responden al compromiso del Ministerio de Fomento de realizar un plan global de inversiones para la mejora permanente de sus infraestructuras y estaciones de la red de cercan\u00edas de Barcelona, con el objetivo de ofrecer un servicio de mayores prestaciones de seguridad, accesibilidad y confort a sus clientes y a los ciudadanos.<\/p>\n<p>Las actuaciones previstas comprenden el recrecido del nivel de los andenes hasta alcanzar una altura de 68 cm con respecto a la cota de carril y la prolongaci\u00f3n de su longitud a lo largo de 30 m hasta alcanzar los 200 m.<\/p>\n<p>De igual modo, se instalar\u00e1 pieza de borde de and\u00e9n, pavimento antideslizante con solado podot\u00e1ctil y una franja luminiscente para facilitar los encaminamientos de las personas con discapacidad a lo largo de todo el and\u00e9n.<\/p>\n<p>La inversi\u00f3n incluye tambi\u00e9n la aplicaci\u00f3n de un tratamiento de limpieza sobre las marquesinas existentes, as\u00ed como la instalaci\u00f3n de nueva iluminaci\u00f3n mediante l\u00e1mparas de m\u00e1s eficiencia energ\u00e9tica, la colocaci\u00f3n de nuevo mobiliario urbano, nuevas canalizaciones, y el desplazamiento y adecuaci\u00f3n de la se\u00f1alizaci\u00f3n y las instalaciones ferroviarias a las nuevas configuraciones.<\/p>\n<p>Las obras tienen un plazo de ejecuci\u00f3n de tres meses.<\/p>\n","protected":false},"excerpt":{"rendered":"<p>Modernizaci\u00f3n de la red de cercan\u00edas de Barcelona \u2022\u00a0\u00a0 \u00a0Se prolongar\u00e1n y recrecer\u00e1n los andenes para facilitar el acceso de<\/p>\n","protected":false},"author":4,"featured_media":0,"comment_status":"closed","ping_status":"open","sticky":false,"template":"","format":"standard","meta":{"footnotes":""},"categories":[],"tags":[35,43,19],"class_list":["post-8291","post","type-post","status-publish","format-standard","hentry","tag-barcelona","tag-estacions","tag-infraestructures","comments-off"],"_links":{"self":[{"href":"https:\/\/www.agrupament.cat\/portal\/wp-json\/wp\/v2\/posts\/8291","targetHints":{"allow":["GET"]}}],"collection":[{"href":"https:\/\/www.agrupament.cat\/portal\/wp-json\/wp\/v2\/posts"}],"about":[{"href":"https:\/\/www.agrupament.cat\/portal\/wp-json\/wp\/v2\/types\/post"}],"author":[{"embeddable":true,"href":"https:\/\/www.agrupament.cat\/portal\/wp-json\/wp\/v2\/users\/4"}],"replies":[{"embeddable":true,"href":"https:\/\/www.agrupament.cat\/portal\/wp-json\/wp\/v2\/comments?post=8291"}],"version-history":[{"count":2,"href":"https:\/\/www.agrupament.cat\/portal\/wp-json\/wp\/v2\/posts\/8291\/revisions"}],"predecessor-version":[{"id":8298,"href":"https:\/\/www.agrupament.cat\/portal\/wp-json\/wp\/v2\/posts\/8291\/revisions\/8298"}],"wp:attachment":[{"href":"https:\/\/www.agrupament.cat\/portal\/wp-json\/wp\/v2\/media?parent=8291"}],"wp:term":[{"taxonomy":"category","embeddable":true,"href":"https:\/\/www.agrupament.cat\/portal\/wp-json\/wp\/v2\/categories?post=8291"},{"taxonomy":"post_tag","embeddable":true,"href":"https:\/\/www.agrupament.cat\/portal\/wp-json\/wp\/v2\/tags?post=8291"}],"curies":[{"name":"wp","href":"https:\/\/api.w.org\/{rel}","templated":true}]}}