{"id":8265,"date":"2010-08-16T01:35:40","date_gmt":"2010-08-16T00:35:40","guid":{"rendered":"http:\/\/www.agrupament.cat\/portal\/?p=8265"},"modified":"2010-08-13T16:43:21","modified_gmt":"2010-08-13T15:43:21","slug":"el-conseller-nadal-es-reuneix-amb-directius-de-siemens-per-analitzar-la-incidencia-del-servei-de-metro-de-ll9l10","status":"publish","type":"post","link":"https:\/\/www.agrupament.cat\/portal\/2010\/08\/el-conseller-nadal-es-reuneix-amb-directius-de-siemens-per-analitzar-la-incidencia-del-servei-de-metro-de-ll9l10\/","title":{"rendered":"El conseller Nadal es reuneix amb directius de Siemens per analitzar la incid\u00e8ncia del servei de metro de l&#8217;L9\/L10"},"content":{"rendered":"<p><strong><img loading=\"lazy\" decoding=\"async\" class=\"alignleft size-full wp-image-8266\" title=\"GenCatOP01\" src=\"http:\/\/www.agrupament.cat\/portal\/wp-content\/uploads\/2010\/08\/GenCatOP013.jpg\" alt=\"\" width=\"214\" height=\"35\" \/>El conseller de Pol\u00edtica Territorial i Obres P\u00fabliques, Joaquim Nadal, i el president de GISA, Xavier Casas, s\u2019han reunit aquest migdia amb directius i t\u00e8cnics de Siemens, l\u2019empresa responsable de la tecnologia de regulaci\u00f3 autom\u00e0tica dels trens a l\u2019L9\/L10.<\/strong> A la reuni\u00f3 s\u2019han abordat les tasques a seguir per resoldre la incid\u00e8ncia i tamb\u00e9 s\u2019han analitzat les causes que han provocat afectacions del servei des de dimecres.<\/p>\n<p>Durant la reuni\u00f3 celebrada aquest mat\u00ed i que ha tingut una durada d\u2019una hora, el directius de Siemens han informat al conseller Nadal de la situaci\u00f3 actual de la incid\u00e8ncia. Conjuntament, han elaborat les l\u00ednies de treball a seguir per restablir el servei normalitzat al m\u00e9s aviat possible.<!--more--><\/p>\n<p>A petici\u00f3 de l\u2019empresa Siemens, aquesta nit els trens d\u2019aquestes dues l\u00ednies deixaran de funcionar a les 12 de la nit, dues hores abans del que \u00e9s habitual, per tal que els t\u00e8cnics puguin treballar m\u00e9s temps i provin de trobar la soluci\u00f3 definitiva al problema.<\/p>\n<p>Actualment, les l\u00ednies L9 i L10 estan en servei, excepte en el tram de l\u2019L9 entre Bon Pastor i Can Peixauet, on hi ha un servei d\u2019autob\u00fas que cobreix el recorregut entre aquestes dues estacions.<br \/>\n<strong><br \/>\nExpedient informatiu<\/strong><br \/>\nD\u2019altra banda, la Direcci\u00f3 General de Transport Terrestre (DGTT), a trav\u00e9s de l\u2019empresa p\u00fablica IFERCAT, va obrir ahir un expedient informatiu per esclarir les causes de la incid\u00e8ncia i ha requerit a Siemens les dades del problema inform\u00e0tic que est\u00e0 alterant la normalitat del servei de l\u2019L9 i l\u2019L10 de metro.<\/p>\n","protected":false},"excerpt":{"rendered":"<p>El conseller de Pol\u00edtica Territorial i Obres P\u00fabliques, Joaquim Nadal, i el president de GISA, Xavier Casas, s\u2019han reunit aquest<\/p>\n","protected":false},"author":4,"featured_media":0,"comment_status":"closed","ping_status":"open","sticky":false,"template":"","format":"standard","meta":{"footnotes":""},"categories":[],"tags":[17,35,2,56],"class_list":["post-8265","post","type-post","status-publish","format-standard","hentry","tag-afectacions-e-incidencies","tag-barcelona","tag-sant-andreu-districte","tag-metro-barcelona-tmb","comments-off"],"_links":{"self":[{"href":"https:\/\/www.agrupament.cat\/portal\/wp-json\/wp\/v2\/posts\/8265","targetHints":{"allow":["GET"]}}],"collection":[{"href":"https:\/\/www.agrupament.cat\/portal\/wp-json\/wp\/v2\/posts"}],"about":[{"href":"https:\/\/www.agrupament.cat\/portal\/wp-json\/wp\/v2\/types\/post"}],"author":[{"embeddable":true,"href":"https:\/\/www.agrupament.cat\/portal\/wp-json\/wp\/v2\/users\/4"}],"replies":[{"embeddable":true,"href":"https:\/\/www.agrupament.cat\/portal\/wp-json\/wp\/v2\/comments?post=8265"}],"version-history":[{"count":2,"href":"https:\/\/www.agrupament.cat\/portal\/wp-json\/wp\/v2\/posts\/8265\/revisions"}],"predecessor-version":[{"id":8274,"href":"https:\/\/www.agrupament.cat\/portal\/wp-json\/wp\/v2\/posts\/8265\/revisions\/8274"}],"wp:attachment":[{"href":"https:\/\/www.agrupament.cat\/portal\/wp-json\/wp\/v2\/media?parent=8265"}],"wp:term":[{"taxonomy":"category","embeddable":true,"href":"https:\/\/www.agrupament.cat\/portal\/wp-json\/wp\/v2\/categories?post=8265"},{"taxonomy":"post_tag","embeddable":true,"href":"https:\/\/www.agrupament.cat\/portal\/wp-json\/wp\/v2\/tags?post=8265"}],"curies":[{"name":"wp","href":"https:\/\/api.w.org\/{rel}","templated":true}]}}