{"id":8020,"date":"2010-07-23T08:30:42","date_gmt":"2010-07-23T07:30:42","guid":{"rendered":"http:\/\/www.agrupament.cat\/portal\/?p=8020"},"modified":"2010-07-23T08:30:42","modified_gmt":"2010-07-23T07:30:42","slug":"es-constitueix-la-fundacio-tmb-que-difondra-el-patrimoni-historic-i-els-valors-del-transport-public","status":"publish","type":"post","link":"https:\/\/www.agrupament.cat\/portal\/2010\/07\/es-constitueix-la-fundacio-tmb-que-difondra-el-patrimoni-historic-i-els-valors-del-transport-public\/","title":{"rendered":"Es constitueix la Fundaci\u00f3 TMB, que difondr\u00e0 el patrimoni hist\u00f2ric i els valors del transport p\u00fablic"},"content":{"rendered":"<p><strong><img loading=\"lazy\" decoding=\"async\" class=\"alignleft size-full wp-image-8021\" title=\"TMB01\" src=\"http:\/\/www.agrupament.cat\/portal\/wp-content\/uploads\/2010\/07\/TMB014.gif\" alt=\"\" width=\"68\" height=\"50\" \/>Avui s\u2019ha constitu\u00eft formalment la Fundaci\u00f3 TMB, que vetllar\u00e0 per la conservaci\u00f3 i la difusi\u00f3 del patrimoni hist\u00f2ric i cultural de la companyia, alhora que treballar\u00e0 en l\u2019\u00e0mbit social, per al foment de la inclusi\u00f3, l\u2019accessibilitat, la cooperaci\u00f3, la solidaritat i els valors del transport p\u00fablic com a opci\u00f3 sostenible.<br \/>\n<\/strong><br \/>\nEl patronat de la fundaci\u00f3 l\u2019integren les tres empreses englobades dins la marca TMB (la de Metro, la de Bus i Projectes i Serveis de Mobilitat, que opera el telef\u00e8ric de Montju\u00efc), junt amb la Fundaci\u00f3 ECOM i la Fundaci\u00f3 ONCE, dues entitats representatives del m\u00f3n de la discapacitat, que en reforcen el perfil social.<!--more--><\/p>\n<p>Foto de fam\u00edlia del patronat de la Fundaci\u00f3 TMB, despr\u00e9s de firmar l\u2019acta de constituci\u00f3 La Fundaci\u00f3 TMB, com a entitat sense \u00e0nim de lucre, pret\u00e9n assumir un paper destacat en la promoci\u00f3 del transport p\u00fablic i els valors culturals, ambientals i socials que hi estan associats. Entre les activitats que portar\u00e0 a terme hi haur\u00e0 les relacionades amb l\u2019inventari, conservaci\u00f3 i protecci\u00f3 dels b\u00e9ns del patrimoni hist\u00f2ric i cultural de l\u2019empresa, del qual formen part m\u00e9s de 60 vehicles que han prestat servei a Barcelona des de finals del segle XIX fins a principis del XXI, i que ara passen a ser propietat de la fundaci\u00f3.<\/p>\n<p>A m\u00e9s, la Fundaci\u00f3 TMB organitzar\u00e0 activitats culturals i de formaci\u00f3, cursos, seminaris o congressos; fomentar\u00e0 la recerca sobre el transport p\u00fablic col\u00b7lectiu, i en especial sobre millores ambientals que s\u2019hi puguin incorporar; editar\u00e0 publicacions, concedir\u00e0 beques i far\u00e0 tota mena d\u2019iniciatives en la l\u00ednia de promoure un transport p\u00fablic accessible a tothom en el marc d\u2019una cultura de la mobilitat sostenible.<br \/>\nBarcelona, 22 de juliol de 2010<\/p>\n","protected":false},"excerpt":{"rendered":"<p>Avui s\u2019ha constitu\u00eft formalment la Fundaci\u00f3 TMB, que vetllar\u00e0 per la conservaci\u00f3 i la difusi\u00f3 del patrimoni hist\u00f2ric i cultural<\/p>\n","protected":false},"author":4,"featured_media":0,"comment_status":"closed","ping_status":"open","sticky":false,"template":"","format":"standard","meta":{"footnotes":""},"categories":[],"tags":[25,3,35,4],"class_list":["post-8020","post","type-post","status-publish","format-standard","hentry","tag-actes-congrtesosi-exposicions-fires-i-formacio","tag-associacions-federacions-fundacions","tag-barcelona","tag-funiculars-i-telecabines","comments-off"],"_links":{"self":[{"href":"https:\/\/www.agrupament.cat\/portal\/wp-json\/wp\/v2\/posts\/8020","targetHints":{"allow":["GET"]}}],"collection":[{"href":"https:\/\/www.agrupament.cat\/portal\/wp-json\/wp\/v2\/posts"}],"about":[{"href":"https:\/\/www.agrupament.cat\/portal\/wp-json\/wp\/v2\/types\/post"}],"author":[{"embeddable":true,"href":"https:\/\/www.agrupament.cat\/portal\/wp-json\/wp\/v2\/users\/4"}],"replies":[{"embeddable":true,"href":"https:\/\/www.agrupament.cat\/portal\/wp-json\/wp\/v2\/comments?post=8020"}],"version-history":[{"count":2,"href":"https:\/\/www.agrupament.cat\/portal\/wp-json\/wp\/v2\/posts\/8020\/revisions"}],"predecessor-version":[{"id":8023,"href":"https:\/\/www.agrupament.cat\/portal\/wp-json\/wp\/v2\/posts\/8020\/revisions\/8023"}],"wp:attachment":[{"href":"https:\/\/www.agrupament.cat\/portal\/wp-json\/wp\/v2\/media?parent=8020"}],"wp:term":[{"taxonomy":"category","embeddable":true,"href":"https:\/\/www.agrupament.cat\/portal\/wp-json\/wp\/v2\/categories?post=8020"},{"taxonomy":"post_tag","embeddable":true,"href":"https:\/\/www.agrupament.cat\/portal\/wp-json\/wp\/v2\/tags?post=8020"}],"curies":[{"name":"wp","href":"https:\/\/api.w.org\/{rel}","templated":true}]}}