{"id":8010,"date":"2010-07-23T08:21:21","date_gmt":"2010-07-23T07:21:21","guid":{"rendered":"http:\/\/www.agrupament.cat\/portal\/?p=8010"},"modified":"2010-07-23T08:21:21","modified_gmt":"2010-07-23T07:21:21","slug":"adif-licita-las-obras-de-adecuacion-de-la-catenaria-y-las-telecomunicaciones-en-el-tramo-calaf-manresa-barcelona","status":"publish","type":"post","link":"https:\/\/www.agrupament.cat\/portal\/2010\/07\/adif-licita-las-obras-de-adecuacion-de-la-catenaria-y-las-telecomunicaciones-en-el-tramo-calaf-manresa-barcelona\/","title":{"rendered":"Adif licita las obras de adecuaci\u00f3n de la catenaria y las telecomunicaciones en el tramo Calaf-Manresa (Barcelona)"},"content":{"rendered":"<p><img loading=\"lazy\" decoding=\"async\" class=\"alignleft size-full wp-image-8011\" title=\"Adif01\" src=\"http:\/\/www.agrupament.cat\/portal\/wp-content\/uploads\/2010\/07\/Adif0114.gif\" alt=\"\" width=\"83\" height=\"35\" \/>Mejoras en la l\u00ednea de ancho convencional Barcelona-Manresa-Lleida<br \/>\n<strong>\u2022 Estas actuaciones, con un presupuesto de licitaci\u00f3n global de m\u00e1s de 8 millones de euros, tienen como objetivo aumentar las condiciones de eficacia, seguridad y fiabilidad de los sistemas de electrificaci\u00f3n y comunicaciones<br \/>\n<\/strong><br \/>\n21\/07\/2010. &#8211; Adif ha licitados dos contratos para la ejecuci\u00f3n de trabajos de adecuaci\u00f3n de la catenaria y de las instalaciones de comunicaciones en el tramo Calaf-Manresa, en la l\u00ednea de ancho convencional Barcelona-Manresa-Lleida, con un presupuesto global de 8.029.415,1 euros.<\/p>\n<p>Estas actuaciones tienen como principal objetivo garantizar una prestaci\u00f3n del servicio en plenas condiciones de fiabilidad, eficacia y seguridad en este tramo, en el que se est\u00e1n llevando a cabo trabajos de modernizaci\u00f3n de la v\u00eda.<!--more--><\/p>\n<p>El contrato de obras para la restituci\u00f3n y adecuaci\u00f3n de la catenaria, que tiene un presupuesto de licitaci\u00f3n de 5.901.605,7 euros, permitir\u00e1 instalar nuevos dispositivos y equipamientos tras las diversas sustracciones de material registradas durante la ejecuci\u00f3n de los trabajos de renovaci\u00f3n que se est\u00e1n realizando, favorecidas por las circunstancias excepcionales que han concurrido, como la ausencia de circulaciones y los cortes de tensi\u00f3n de la catenaria.<\/p>\n<p>Adif ya ha denunciado estos hechos y, consciente de esta problem\u00e1tica, ha emprendido diferentes acciones para evitar situaciones de este tipo, como el refuerzo de la colaboraci\u00f3n con los cuerpos de seguridad para la prevenci\u00f3n de estos delitos.<\/p>\n<p>Los principales trabajos consistir\u00e1n en la sustituci\u00f3n de perfiles de seccionamientos, el montaje del hilo de contacto y cable sustentador, adem\u00e1s de elementos asociados como m\u00e9nsulas, soportes, atirantados, protecciones y p\u00e9ndolas. Estas operaciones permitir\u00e1n aumentar las prestaciones de las instalaciones del sistema de electrificaci\u00f3n.<\/p>\n<p>Por otro lado, los trabajos de reposici\u00f3n de las instalaciones de telecomunicaciones, que cuentan con un presupuesto de licitaci\u00f3n de 2.127.809,3 euros, tienen por objeto adecuar los dispositivos e incrementar las condiciones de calidad de la red de cableado, mejorando as\u00ed la fiabilidad de las comunicaciones.<\/p>\n<p>De este modo, se llevar\u00e1n a cabo operaciones de suministro, tendido y montaje de cableado de telefon\u00eda y fibra \u00f3ptica, adem\u00e1s de la ejecuci\u00f3n de zanjas, canalizaciones, arquetas, empalmes y conexi\u00f3n de cables. Tambi\u00e9n se realizar\u00e1n mediciones y pruebas para la puesta en servicio de los nuevos equipos.<\/p>\n<p>Ambos contratos tienen car\u00e1cter de obra por cuenta del Estado y se realizan en el marco del Contrato Programa suscrito por la Administraci\u00f3n General del Estado y Adif.<\/p>\n","protected":false},"excerpt":{"rendered":"<p>Mejoras en la l\u00ednea de ancho convencional Barcelona-Manresa-Lleida \u2022 Estas actuaciones, con un presupuesto de licitaci\u00f3n global de m\u00e1s de<\/p>\n","protected":false},"author":4,"featured_media":0,"comment_status":"closed","ping_status":"open","sticky":false,"template":"","format":"standard","meta":{"footnotes":""},"categories":[],"tags":[36,19],"class_list":["post-8010","post","type-post","status-publish","format-standard","hentry","tag-catalunya","tag-infraestructures","comments-off"],"_links":{"self":[{"href":"https:\/\/www.agrupament.cat\/portal\/wp-json\/wp\/v2\/posts\/8010","targetHints":{"allow":["GET"]}}],"collection":[{"href":"https:\/\/www.agrupament.cat\/portal\/wp-json\/wp\/v2\/posts"}],"about":[{"href":"https:\/\/www.agrupament.cat\/portal\/wp-json\/wp\/v2\/types\/post"}],"author":[{"embeddable":true,"href":"https:\/\/www.agrupament.cat\/portal\/wp-json\/wp\/v2\/users\/4"}],"replies":[{"embeddable":true,"href":"https:\/\/www.agrupament.cat\/portal\/wp-json\/wp\/v2\/comments?post=8010"}],"version-history":[{"count":1,"href":"https:\/\/www.agrupament.cat\/portal\/wp-json\/wp\/v2\/posts\/8010\/revisions"}],"predecessor-version":[{"id":8012,"href":"https:\/\/www.agrupament.cat\/portal\/wp-json\/wp\/v2\/posts\/8010\/revisions\/8012"}],"wp:attachment":[{"href":"https:\/\/www.agrupament.cat\/portal\/wp-json\/wp\/v2\/media?parent=8010"}],"wp:term":[{"taxonomy":"category","embeddable":true,"href":"https:\/\/www.agrupament.cat\/portal\/wp-json\/wp\/v2\/categories?post=8010"},{"taxonomy":"post_tag","embeddable":true,"href":"https:\/\/www.agrupament.cat\/portal\/wp-json\/wp\/v2\/tags?post=8010"}],"curies":[{"name":"wp","href":"https:\/\/api.w.org\/{rel}","templated":true}]}}