{"id":7689,"date":"2010-06-24T09:54:44","date_gmt":"2010-06-24T08:54:44","guid":{"rendered":"http:\/\/www.agrupament.cat\/portal\/?p=7689"},"modified":"2010-06-24T09:55:25","modified_gmt":"2010-06-24T08:55:25","slug":"renfe-lamenta-el-accidente-ocurrido-anoche-en-platja-de-castelldefels-y-se-pone-a-disposicion-de-las-familias-de-las-victimas-y-heridos","status":"publish","type":"post","link":"https:\/\/www.agrupament.cat\/portal\/2010\/06\/renfe-lamenta-el-accidente-ocurrido-anoche-en-platja-de-castelldefels-y-se-pone-a-disposicion-de-las-familias-de-las-victimas-y-heridos\/","title":{"rendered":"Renfe lamenta el accidente ocurrido anoche en  Platja de Castelldefels y se pone a disposici\u00f3n de las familias de las v\u00edctimas y heridos"},"content":{"rendered":"<p>Se ha abierto una investigaci\u00f3n para conocer todos los detalles del suceso<\/p>\n<p><strong>\u2022 A las 23.25, el tren Alaris que hac\u00eda el recorrido diario regular Alicante-Barcelona arroll\u00f3 a un grupo de personas que cruz\u00f3 las v\u00edas por un paso no autorizado<br \/>\n<\/strong><\/p>\n<p>Barcelona, 24 de junio de 2010 (Renfe)<\/p>\n<p>Renfe lamenta profundamente el accidente ocurrido la pasada noche en la estaci\u00f3n de Platja de Castelldefels, cuando un tren Alaris que realizaba el diario servicio regular Alicante (18.20) \u2013 Barcelona (23.46) arroll\u00f3 a un grupo de personas que se encontraba cruzando las v\u00edas por un paso no autorizado.\u00a0 Renfe ha abierto una investigaci\u00f3n para conocer todos los detalles del accidente.<\/p>\n<p>El accidente se produjo a las 23.25 horas, tras estacionarse un tren de Rodalies en la estaci\u00f3n de Platja de Castelldefels y tras su marcha un grupo de viajeros cruzaron al otro and\u00e9n sin utilizar el paso inferior, as\u00ed como tampoco los ascensores que dispone la estaci\u00f3n de Platja de Castelldefels, remodelada en octubre de 2009. .<!--more--><\/p>\n<p>El tren Alaris que cubre el trayecto regular Alicante (18.20) \u2013 Barcelona (23.46) no tiene parada en Casteldefells y circulaba por debajo de la velocidad permitida seg\u00fan el reglamento de circulaci\u00f3n. Asimismo, y siguiendo con el procedimiento habitual, el tren emiti\u00f3 las se\u00f1ales ac\u00fasticas reglamentadas antes de su entrada a la estaci\u00f3n.<\/p>\n<p>Seg\u00fan las\u00a0 informaciones facilitadas esta madrugada por\u00a0 Protecci\u00f3n Civil el n\u00famero de fallecidos ha sido de 12 personas y 13 han resultado heridas que han sido trasladados a diferentes centros hospitalarios.<\/p>\n<p>Las 13 personas heridas se encuentran en los siguientes centros sanitarios: 2 personas en el Hospital de Mois\u00e8s Broggi de Sant Joan Desp\u00ed, 3 en el Hospital Cl\u00ednic, 4 personas en el Hospital General del Parc Sanitari Sant Joan de D\u00e9u, de Sant Boi de Llobregat, 2 en el Hospital de Bellvitge, una persona en el Hospital General de L\u2019Hopsitalet de Llobregat y una en el Hospital de Viladecans.<\/p>\n<p>Desde el momento del accidente, la circulaci\u00f3n de trenes se encuentra interrumpida entre las estaciones de Castelldefels y Sitges, por lo que Renfe ha establecido un servicio alternativo por carretera desde el inicio del servicio para los trenes de la l\u00ednea R2 sur de Rodalies entre estas estaciones con un dispositivo especial de 55 autocares y 22 personas de informaci\u00f3n y atenci\u00f3n al cliente.<\/p>\n<p>Con tal de minimizar la afectaci\u00f3n, los trenes de Media y Larga Distancia del corredor sur, circulan desviados por Vilafranca. El restablecimiento del servicio est\u00e1 previsto para las 12.00 horas.<\/p>\n<p>Renfe comparte el dolor de los afectados y se pone a disposici\u00f3n de los familiares de las v\u00edctimas y heridos.<\/p>\n","protected":false},"excerpt":{"rendered":"<p>Se ha abierto una investigaci\u00f3n para conocer todos los detalles del suceso \u2022 A las 23.25, el tren Alaris que<\/p>\n","protected":false},"author":4,"featured_media":0,"comment_status":"closed","ping_status":"open","sticky":false,"template":"","format":"standard","meta":{"footnotes":""},"categories":[],"tags":[17,35,44],"class_list":["post-7689","post","type-post","status-publish","format-standard","hentry","tag-afectacions-e-incidencies","tag-barcelona","tag-rodalies-cercanias","comments-off"],"_links":{"self":[{"href":"https:\/\/www.agrupament.cat\/portal\/wp-json\/wp\/v2\/posts\/7689","targetHints":{"allow":["GET"]}}],"collection":[{"href":"https:\/\/www.agrupament.cat\/portal\/wp-json\/wp\/v2\/posts"}],"about":[{"href":"https:\/\/www.agrupament.cat\/portal\/wp-json\/wp\/v2\/types\/post"}],"author":[{"embeddable":true,"href":"https:\/\/www.agrupament.cat\/portal\/wp-json\/wp\/v2\/users\/4"}],"replies":[{"embeddable":true,"href":"https:\/\/www.agrupament.cat\/portal\/wp-json\/wp\/v2\/comments?post=7689"}],"version-history":[{"count":3,"href":"https:\/\/www.agrupament.cat\/portal\/wp-json\/wp\/v2\/posts\/7689\/revisions"}],"predecessor-version":[{"id":7692,"href":"https:\/\/www.agrupament.cat\/portal\/wp-json\/wp\/v2\/posts\/7689\/revisions\/7692"}],"wp:attachment":[{"href":"https:\/\/www.agrupament.cat\/portal\/wp-json\/wp\/v2\/media?parent=7689"}],"wp:term":[{"taxonomy":"category","embeddable":true,"href":"https:\/\/www.agrupament.cat\/portal\/wp-json\/wp\/v2\/categories?post=7689"},{"taxonomy":"post_tag","embeddable":true,"href":"https:\/\/www.agrupament.cat\/portal\/wp-json\/wp\/v2\/tags?post=7689"}],"curies":[{"name":"wp","href":"https:\/\/api.w.org\/{rel}","templated":true}]}}