{"id":7656,"date":"2010-06-20T21:50:05","date_gmt":"2010-06-20T20:50:05","guid":{"rendered":"http:\/\/www.agrupament.cat\/portal\/?p=7656"},"modified":"2010-06-20T21:50:05","modified_gmt":"2010-06-20T20:50:05","slug":"rodalies-de-catalunya-oferira-7-000-places-addicionals-als-trens-que-enllacen-barcelona-amb-el-garraf-i-el-maresme","status":"publish","type":"post","link":"https:\/\/www.agrupament.cat\/portal\/2010\/06\/rodalies-de-catalunya-oferira-7-000-places-addicionals-als-trens-que-enllacen-barcelona-amb-el-garraf-i-el-maresme\/","title":{"rendered":"Rodalies de Catalunya oferir\u00e0 7.000 places addicionals als trens que enllacen Barcelona amb el Garraf i el Maresme"},"content":{"rendered":"<p><a href=\"http:\/\/www.agrupament.cat\/portal\/wp-content\/uploads\/2010\/06\/Rodalies-Catalunya011.jpg\"><img loading=\"lazy\" decoding=\"async\" class=\"alignleft size-full wp-image-7657\" title=\"Rodalies Catalunya01\" src=\"http:\/\/www.agrupament.cat\/portal\/wp-content\/uploads\/2010\/06\/Rodalies-Catalunya011.jpg\" alt=\"\" width=\"100\" height=\"35\" \/><\/a>Amb motiu de la revetlla de Sant Joan<\/p>\n<p><strong>\u2022\u00a0 El dimecres es duplicar\u00e0 la composici\u00f3 dels trens des de Barcelona, i a la matinada del dijous per a la tornada<br \/>\n\u2022\u00a0 A m\u00e9s, circularan quatre trens especials amb parada a totes les estacions, dos el dimecres per la nit i dos el dijous a primera hora del mat\u00ed<br \/>\n\u2022 Per a m\u00e9s informaci\u00f3 els clients es poden adre\u00e7ar als tel\u00e8fons 902 41 00 41 i 902 320 320, o als <a href=\"http:\/\/rodalies.gencat.cat\">web rodalies.gencat.cat<\/a> i <a href=\"http:\/\/www.renfe.com\">www.renfe.com<\/a><br \/>\n<\/strong><br \/>\nEls dies 23 i 24 de juny, Rodalies de Catalunya incrementar\u00e0 la seva oferta de transport amb 7.000 places addicionals, amb motiu de la revetlla de Sant Joan. El dimecres per la nit i el dijous pel mat\u00ed es refor\u00e7ar\u00e0 la capacitat habitual dels trens que enllacen Barcelona amb les poblacions costeres del Garraf i Maresme\/Costa Brava i s\u2019ha previst la circulaci\u00f3 de quatre trens especials.<\/p>\n<p>La l\u00ednia R2 sud de Rodalies (Sant Vicen\u00e7 de Calders- Estaci\u00f3 de Fran\u00e7a per Vilanova i la Geltr\u00fa) \u00e9s la que registra tradicionalment una major demanda en aquesta festivitat i la que comptar\u00e0 amb majors refor\u00e7os. Per a atendre l\u2019 increment de viatgers s\u2019ha programat la circulaci\u00f3 de tres trens especials, un el dimecres que sortir\u00e0 de l\u2019Estaci\u00f3 de Fran\u00e7a a les 23.42 hores amb destinaci\u00f3 Vilanova i dos serveis especials el dijous que iniciaran el seu recorregut a Vilanova (5.15) i Sant Vicen\u00e7 de Calders (5.30).<!--more--><\/p>\n<p>A m\u00e9s, es duplicar\u00e0 la capacitat dels trens el dimecres per la nit, a partir de les 20.00h, als serveis direcci\u00f3 Vilanova i Sant Vicen\u00e7 de Calders, i el dijous a primera hora del mat\u00ed als trens amb direcci\u00f3 Barcelona.<\/p>\n<p>D\u2019altra banda, el servei de Rodalies tamb\u00e9 incrementar\u00e0 la oferta de transport dels trens de la l\u00ednia R1 de Rodalies (Molins de Rei \u2013 Ma\u00e7anet-Ma\u00e7anes per Matar\u00f3) la nit de la revetlla amb la duplicaci\u00f3 de places del tren Molins de Rei (22.51h) \u2013 Matar\u00f3 (23.56h) i un servei especial amb parada a totes les estacions des de L\u2019Hospitalet del Llobregat (23.40) a Matar\u00f3 (00.29) la nit de dimecres.<\/p>\n<p>Per a m\u00e9s informaci\u00f3 els clients es poden adre\u00e7ar als tel\u00e8fons <strong>902 41 00 41<\/strong> i <strong>902 320 320<\/strong>, o als web <a href=\"http:\/\/rodalies.gencat.cat\">rodalies.gencat.cat<\/a> i <a href=\"http:\/\/www.renfe.com\">www.renfe.com<\/a><\/p>\n<p>Barcelona, 18 de juny de 2010<\/p>\n","protected":false},"excerpt":{"rendered":"<p>Amb motiu de la revetlla de Sant Joan \u2022\u00a0 El dimecres es duplicar\u00e0 la composici\u00f3 dels trens des de Barcelona,<\/p>\n","protected":false},"author":4,"featured_media":0,"comment_status":"closed","ping_status":"open","sticky":false,"template":"","format":"standard","meta":{"footnotes":""},"categories":[],"tags":[35,19,44],"class_list":["post-7656","post","type-post","status-publish","format-standard","hentry","tag-barcelona","tag-infraestructures","tag-rodalies-cercanias","comments-off"],"_links":{"self":[{"href":"https:\/\/www.agrupament.cat\/portal\/wp-json\/wp\/v2\/posts\/7656","targetHints":{"allow":["GET"]}}],"collection":[{"href":"https:\/\/www.agrupament.cat\/portal\/wp-json\/wp\/v2\/posts"}],"about":[{"href":"https:\/\/www.agrupament.cat\/portal\/wp-json\/wp\/v2\/types\/post"}],"author":[{"embeddable":true,"href":"https:\/\/www.agrupament.cat\/portal\/wp-json\/wp\/v2\/users\/4"}],"replies":[{"embeddable":true,"href":"https:\/\/www.agrupament.cat\/portal\/wp-json\/wp\/v2\/comments?post=7656"}],"version-history":[{"count":1,"href":"https:\/\/www.agrupament.cat\/portal\/wp-json\/wp\/v2\/posts\/7656\/revisions"}],"predecessor-version":[{"id":7658,"href":"https:\/\/www.agrupament.cat\/portal\/wp-json\/wp\/v2\/posts\/7656\/revisions\/7658"}],"wp:attachment":[{"href":"https:\/\/www.agrupament.cat\/portal\/wp-json\/wp\/v2\/media?parent=7656"}],"wp:term":[{"taxonomy":"category","embeddable":true,"href":"https:\/\/www.agrupament.cat\/portal\/wp-json\/wp\/v2\/categories?post=7656"},{"taxonomy":"post_tag","embeddable":true,"href":"https:\/\/www.agrupament.cat\/portal\/wp-json\/wp\/v2\/tags?post=7656"}],"curies":[{"name":"wp","href":"https:\/\/api.w.org\/{rel}","templated":true}]}}