{"id":7426,"date":"2010-05-21T17:41:16","date_gmt":"2010-05-21T16:41:16","guid":{"rendered":"http:\/\/www.agrupament.cat\/portal\/?p=7426"},"modified":"2010-05-23T17:44:58","modified_gmt":"2010-05-23T16:44:58","slug":"rodalies-de-catalunya-incorpora-des-d%e2%80%99aquest-dissabte-una-nova-frequencia-per-hora-i-sentit-a-l%e2%80%99estacio-de-garraf","status":"publish","type":"post","link":"https:\/\/www.agrupament.cat\/portal\/2010\/05\/rodalies-de-catalunya-incorpora-des-d%e2%80%99aquest-dissabte-una-nova-frequencia-per-hora-i-sentit-a-l%e2%80%99estacio-de-garraf\/","title":{"rendered":"Rodalies de Catalunya incorpora des d\u2019aquest dissabte una nova freq\u00fc\u00e8ncia per hora i sentit a l\u2019estaci\u00f3 de Garraf"},"content":{"rendered":"<p><strong><a href=\"http:\/\/www.agrupament.cat\/portal\/wp-content\/uploads\/2010\/05\/Rodalies-Catalunya012.jpg\"><img loading=\"lazy\" decoding=\"async\" class=\"alignleft size-full wp-image-7428\" title=\"Rodalies Catalunya01\" src=\"http:\/\/www.agrupament.cat\/portal\/wp-content\/uploads\/2010\/05\/Rodalies-Catalunya012.jpg\" alt=\"\" width=\"100\" height=\"35\" \/><\/a>\u2022 L\u2019estaci\u00f3 de Garraf duplicar\u00e0 l\u2019oferta actual amb la incorporaci\u00f3 d\u2019una freq\u00fc\u00e8ncia de pas, arribant als 2 trens cada hora per sentit en els serveis de la l\u00ednia R2 sud<br \/>\n\u2022 Durant els caps de setmana del per\u00edode estival, tamb\u00e9 s\u2019incrementar\u00e0 el servei de la R2 sud a l\u2019estaci\u00f3 de Platja de Castelldefels <\/strong><\/p>\n<p><strong>Es duplica el servei a Garraf<\/strong><br \/>\nA partir d\u2019aquest dissabte 22 de maig, Rodalies de Catalunya amplia la seva freq\u00fc\u00e8ncia de pas a l\u2019estaci\u00f3 de Garraf, una modificaci\u00f3 que es mantindr\u00e0 de manera permanent en els horaris de la l\u00ednia R2 sud. La nova freq\u00fc\u00e8ncia ofereix un tren cada 30 minuts per sentit, duplicant aix\u00ed el n\u00famero de connexions de les que disposava fins ara l\u2019estaci\u00f3 de Garraf tant en sentit nord com sud. Aquesta millora se suma a l&#8217;oferta habitual de la l\u00ednia R2 sud a aquesta estaci\u00f3, que ja compta amb un tren cada 15 minuts en el per\u00edode d\u2019hora punta.<\/p>\n<p>Aquesta modificaci\u00f3 permetr\u00e0 disposar de dos trens per hora i sentit. D\u2019aquesta manera l\u2019estaci\u00f3 comptar\u00e0 cada dia\u00a0 amb 36 connexions en sentit sud, 16 m\u00e9s de les que aquesta estaci\u00f3 disposava en aquest sentit, i un total de 39 trens diaris en sentit Barcelona,\u00a0 20 m\u00e9s que en l\u2019actualitat.<\/p>\n<p>A m\u00e9s, des del dissabte 22 de maig i durant els caps de setmana del per\u00edode estiuenc, Renfe amplia els horaris de la l\u00ednia R2 sud de Rodalies a l\u2019estaci\u00f3 de Platja de Castelldefels. Aquest augment de freq\u00fc\u00e8ncies t\u00e9 com a objectiu atendre la demanda que es genera durant aquest per\u00edode a aquesta zona costera.<br \/>\n<strong><br \/>\nM\u00e9s freq\u00fc\u00e8ncies a Platja de Castelldefels a l\u2019estiu <\/strong><br \/>\nL\u2019estaci\u00f3 de Platja de Castelldefels de la l\u00ednia R2 sud (Sant Vicen\u00e7 de Calders- Estaci\u00f3 de Fran\u00e7a), augmentar\u00e0 la seva oferta actual amb 17 trens m\u00e9s durant els caps de setmana i festius dels propers mesos de maig, juny, juliol, agost i setembre.<\/p>\n<p>Les noves parades es realitzaran tant en els serveis direcci\u00f3 Barcelona com en direcci\u00f3 sud el que permetr\u00e0 facilitar els despla\u00e7ament cap a les estacions costaneres d\u2019aquesta l\u00ednia. En direcci\u00f3 sud, entre les 10.00 i les 13.00 hores s\u2019incorporen 8 noves freq\u00fc\u00e8ncies de pas que permetran facilitar el trasllat cap a la costa, i en direcci\u00f3 Barcelona seran un total de 9 noves freq\u00fc\u00e8ncies entre les 16.00 i les 20.00 hores, el que significar\u00e0 duplicar el n\u00famero de trens en aquesta franja hor\u00e0ria per la tornada cap Barcelona al vespre. D\u2019aquesta manera, s\u2019arribar\u00e0 a una freq\u00fc\u00e8ncia de pas de quatre trens per hora, amb l\u2019objectiu de facilitar el retorn dels clients que s\u2019han despla\u00e7at fins les platges d\u2019aquesta poblaci\u00f3.<\/p>\n<p><strong>Millores en el servei <\/strong><br \/>\nAquestes millores hor\u00e0ries, responen al comprom\u00eds de Rodalies de Catalunya de facilitar la mobilitat dels viatgers i els seus despla\u00e7ament arreu de la xarxa i se sumen al pla de millores que est\u00e0 implantant tant a la informaci\u00f3 com en les freq\u00fc\u00e8ncies i ampliacions dels serveis.<\/p>\n<p>En aquest sentit, el passat mes d\u2019abril es milloraven tamb\u00e9 freq\u00fc\u00e8ncies a l\u2019R2 Nord amb el nou servei que a les 5.30 arriba a l\u2019aeroport i s\u2019implantaven tamb\u00e9 dos trens per sentit i hora els caps de setmana entre Vilafranca i Martorell, aix\u00ed com nous serveis en l\u2019\u00faltim trajecte de la nit a l\u2019R2 i l\u2019 R4.<\/p>\n","protected":false},"excerpt":{"rendered":"<p>\u2022 L\u2019estaci\u00f3 de Garraf duplicar\u00e0 l\u2019oferta actual amb la incorporaci\u00f3 d\u2019una freq\u00fc\u00e8ncia de pas, arribant als 2 trens cada hora<\/p>\n","protected":false},"author":4,"featured_media":0,"comment_status":"closed","ping_status":"open","sticky":false,"template":"","format":"standard","meta":{"footnotes":""},"categories":[],"tags":[35,19,44],"class_list":["post-7426","post","type-post","status-publish","format-standard","hentry","tag-barcelona","tag-infraestructures","tag-rodalies-cercanias","comments-off"],"_links":{"self":[{"href":"https:\/\/www.agrupament.cat\/portal\/wp-json\/wp\/v2\/posts\/7426","targetHints":{"allow":["GET"]}}],"collection":[{"href":"https:\/\/www.agrupament.cat\/portal\/wp-json\/wp\/v2\/posts"}],"about":[{"href":"https:\/\/www.agrupament.cat\/portal\/wp-json\/wp\/v2\/types\/post"}],"author":[{"embeddable":true,"href":"https:\/\/www.agrupament.cat\/portal\/wp-json\/wp\/v2\/users\/4"}],"replies":[{"embeddable":true,"href":"https:\/\/www.agrupament.cat\/portal\/wp-json\/wp\/v2\/comments?post=7426"}],"version-history":[{"count":1,"href":"https:\/\/www.agrupament.cat\/portal\/wp-json\/wp\/v2\/posts\/7426\/revisions"}],"predecessor-version":[{"id":7429,"href":"https:\/\/www.agrupament.cat\/portal\/wp-json\/wp\/v2\/posts\/7426\/revisions\/7429"}],"wp:attachment":[{"href":"https:\/\/www.agrupament.cat\/portal\/wp-json\/wp\/v2\/media?parent=7426"}],"wp:term":[{"taxonomy":"category","embeddable":true,"href":"https:\/\/www.agrupament.cat\/portal\/wp-json\/wp\/v2\/categories?post=7426"},{"taxonomy":"post_tag","embeddable":true,"href":"https:\/\/www.agrupament.cat\/portal\/wp-json\/wp\/v2\/tags?post=7426"}],"curies":[{"name":"wp","href":"https:\/\/api.w.org\/{rel}","templated":true}]}}