{"id":7421,"date":"2010-05-21T08:46:31","date_gmt":"2010-05-21T07:46:31","guid":{"rendered":"http:\/\/www.agrupament.cat\/portal\/?p=7421"},"modified":"2010-05-23T17:41:08","modified_gmt":"2010-05-23T16:41:08","slug":"inaguracio-de-lenclavament-de-lestacio-de-mora-la-nova","status":"publish","type":"post","link":"https:\/\/www.agrupament.cat\/portal\/2010\/05\/inaguracio-de-lenclavament-de-lestacio-de-mora-la-nova\/","title":{"rendered":"Inaguraci\u00f3 de l&#8217;enclavament de l&#8217;estaci\u00f3 de Mora la Nova"},"content":{"rendered":"<p><strong><a href=\"http:\/\/www.agrupament.cat\/portal\/wp-content\/uploads\/2010\/05\/Tarragona-MoralaNova.jpg\"><img loading=\"lazy\" decoding=\"async\" class=\"alignleft size-full wp-image-7422\" title=\"Tarragona - MoralaNova\" src=\"http:\/\/www.agrupament.cat\/portal\/wp-content\/uploads\/2010\/05\/Tarragona-MoralaNova.jpg\" alt=\"\" width=\"78\" height=\"50\" \/><\/a><a href=\"http:\/\/www.agrupament.cat\/portal\/wp-content\/uploads\/2010\/05\/Mora-La-Nova.png\"><img loading=\"lazy\" decoding=\"async\" class=\"alignleft size-full wp-image-7423\" title=\"Mora La Nova\" src=\"http:\/\/www.agrupament.cat\/portal\/wp-content\/uploads\/2010\/05\/Mora-La-Nova.png\" alt=\"\" width=\"39\" height=\"50\" \/><\/a>La Fundaci\u00f3 per a la Preservaci\u00f3 del Patrimoni Ferroviari-Industrial i l\u2019Ajuntament de la Reial Vila de M\u00f3ra la Nova tenen el plaer de convidar-vos a l\u2019acte inaugural de \u201cl\u2019enclavament\u201d de l\u2019estaci\u00f3 de M\u00f3ra la Nova, com a 1\u00aa fase del Centre d\u2019Interpretaci\u00f3 del Ferrocarril d\u2019aquesta vila.<\/strong> L\u2019acte tindr\u00e0 lloc el proper dissabte dia 22 de maig de 2010 a les 12:00h i comptar\u00e0 amb la pres\u00e8ncia del Sr. Josep Poblet i Tous, president de la Exc. Diputaci\u00f3 de Tarragona.<\/p>\n","protected":false},"excerpt":{"rendered":"<p>La Fundaci\u00f3 per a la Preservaci\u00f3 del Patrimoni Ferroviari-Industrial i l\u2019Ajuntament de la Reial Vila de M\u00f3ra la Nova tenen<\/p>\n","protected":false},"author":4,"featured_media":0,"comment_status":"closed","ping_status":"open","sticky":false,"template":"","format":"standard","meta":{"footnotes":""},"categories":[],"tags":[25,3,4,40,32],"class_list":["post-7421","post","type-post","status-publish","format-standard","hentry","tag-actes-congrtesosi-exposicions-fires-i-formacio","tag-associacions-federacions-fundacions","tag-funiculars-i-telecabines","tag-museus","tag-tarragona","comments-off"],"_links":{"self":[{"href":"https:\/\/www.agrupament.cat\/portal\/wp-json\/wp\/v2\/posts\/7421","targetHints":{"allow":["GET"]}}],"collection":[{"href":"https:\/\/www.agrupament.cat\/portal\/wp-json\/wp\/v2\/posts"}],"about":[{"href":"https:\/\/www.agrupament.cat\/portal\/wp-json\/wp\/v2\/types\/post"}],"author":[{"embeddable":true,"href":"https:\/\/www.agrupament.cat\/portal\/wp-json\/wp\/v2\/users\/4"}],"replies":[{"embeddable":true,"href":"https:\/\/www.agrupament.cat\/portal\/wp-json\/wp\/v2\/comments?post=7421"}],"version-history":[{"count":2,"href":"https:\/\/www.agrupament.cat\/portal\/wp-json\/wp\/v2\/posts\/7421\/revisions"}],"predecessor-version":[{"id":7425,"href":"https:\/\/www.agrupament.cat\/portal\/wp-json\/wp\/v2\/posts\/7421\/revisions\/7425"}],"wp:attachment":[{"href":"https:\/\/www.agrupament.cat\/portal\/wp-json\/wp\/v2\/media?parent=7421"}],"wp:term":[{"taxonomy":"category","embeddable":true,"href":"https:\/\/www.agrupament.cat\/portal\/wp-json\/wp\/v2\/categories?post=7421"},{"taxonomy":"post_tag","embeddable":true,"href":"https:\/\/www.agrupament.cat\/portal\/wp-json\/wp\/v2\/tags?post=7421"}],"curies":[{"name":"wp","href":"https:\/\/api.w.org\/{rel}","templated":true}]}}