{"id":7235,"date":"2010-05-06T00:23:40","date_gmt":"2010-05-05T23:23:40","guid":{"rendered":"http:\/\/www.agrupament.cat\/portal\/?p=7235"},"modified":"2010-05-07T00:29:17","modified_gmt":"2010-05-06T23:29:17","slug":"fins-les-18-00-hores-s%e2%80%99han-complert-els-serveis-essencials-establerts-als-serveis-ferroviaris-de-catalunya","status":"publish","type":"post","link":"https:\/\/www.agrupament.cat\/portal\/2010\/05\/fins-les-18-00-hores-s%e2%80%99han-complert-els-serveis-essencials-establerts-als-serveis-ferroviaris-de-catalunya\/","title":{"rendered":"Fins les 18.00 hores s\u2019han complert els serveis essencials establerts als serveis ferroviaris de Catalunya"},"content":{"rendered":"<p><a href=\"http:\/\/www.agrupament.cat\/portal\/wp-content\/uploads\/2010\/05\/Renfe025.gif\"><img loading=\"lazy\" decoding=\"async\" class=\"alignleft size-full wp-image-7236\" title=\"Renfe02\" src=\"http:\/\/www.agrupament.cat\/portal\/wp-content\/uploads\/2010\/05\/Renfe025.gif\" alt=\"\" width=\"83\" height=\"35\" \/><\/a>19 treballadors han secundat la vaga convocada per SEMAF a la resid\u00e8ncia de Barcelona Sants durant la jornada d\u2019avui<\/p>\n<p><strong>\u00b7 La Conselleria de Treball de la Generalitat de Catalunya i el Ministerio de Fomento han establert els serveis essencials per garantir la mobilitat dels clients<\/p>\n<p>\u00b7 Tota la informaci\u00f3 est\u00e0 disponible a www.renfe.com i al\u00a0 902 320 320, aix\u00ed com a\u00a0 <a href=\"http:\/\/www.rodaliesdecatalunya.cat\">www.rodaliesdecatalunya.cat<\/a> i 902 41 00 41 per informaci\u00f3 espec\u00edfica del servei de Rodalies<br \/>\n<\/strong><br \/>\nBarcelona, 5 de maig de 2010.-<\/p>\n<p>Durant tota la jornada d\u2019avui, un total de 19 treballadors han secundat la vaga convocada per SEMAF a la resid\u00e8ncia de Barcelona Sants dels 178 que podien adherir-se. La vaga s\u2019est\u00e0 desenvolupant sense incid\u00e8ncies i han circulat tots els serveis essencials decretats tant a Rodalies de Catalunya com a Media i AVE-Llarga Dist\u00e0ncia.<\/p>\n<p>Durant tot el dia d\u2019avui, es veuran afectats un total de 175.500 clients en el total dels serveis de Renfe. A Rodalies de Catalunya s\u2019han hagut de suprimir un total de 419 trens, amb 170.000\u00a0 viatgers afectats. Pel que fa els serveis de Media Distancia s\u2019han hagut de suprimir 20 trens, amb 2.900 usuaris afectats i a AVE-Llarga Dist\u00e0ncia han deixat de circular un total de 10 trens, amb 2.600 clients afectats. <!--more--><\/p>\n<p>Renfe i Semaf han estat negociant aquests \u00faltims mesos temes referents a la prevenci\u00f3 de riscos laborals en mat\u00e8ria d\u2019instal\u00b7laci\u00f3 de passarel\u00b7les per maniobres fora d\u2019andanes, rehabilitaci\u00f3 dels llocs de descans del personal i disposici\u00f3 de places de parking a l\u2019estaci\u00f3 de Sants:<\/p>\n<p>\u00b7 Renfe s\u2019ha comprom\u00e8s de forma reiterada a instal\u00b7lar plataformes en un termini de tres mesos a Hospitalet de Llobregat, Vilanova i la Geltr\u00fa, Terrassa, Manresa i de sis mesos, donat que es tracta d\u2019una actuaci\u00f3 m\u00e9s complexa a Matar\u00f3. Matar\u00f3 i Granollers Centre. Aquestes actuacions compten amb un pressupost aprovat de 360.000 euros.<br \/>\n\u00b7 Sales de descans: Renfe ja ha reformat la sala de descans m\u00e9s utilitzada pel personal, la de l\u2019estaci\u00f3 de Sants, les properes seran la de l\u2019Hospitalet de Llobregat i Sant Vicen\u00e7 de Calders, ja que tamb\u00e9 compten amb un alt nivell d\u2019\u00fas. Aquestes obres de millora disposen d\u2019un pressupost de 100.000 euros. A m\u00e9s, Renfe va proposar crear un grup de treball amb els representants dels maquinistes per adequar de forma similar la resta de sales.<br \/>\n\u00b7 Actualment, Renfe facilita a aquest col\u00b7lectiu 29 places d\u2019aparcament en el p\u00e0rquing situat a la part superior de l\u2019estaci\u00f3 de Sants i s\u2019ha comprom\u00e8s a arribar a les 50 places sol\u00b7licitades.<\/p>\n<p>No obstant, tot i l\u2019esfor\u00e7 i oferiment de Renfe en una \u00e8poca de crisi i austeritat, aquests maquinistes mantenen l\u2019exig\u00e8ncia de que les places estiguin situades en el p\u00e0rquing subterrani de Sants.<\/p>\n<p>Aquesta convocat\u00f2ria de vaga doncs es sustenta en l\u2019exig\u00e8ncia per part dels membres de SEMAF residents a l\u2019estaci\u00f3 de Sants de disposar de 50 places en el p\u00e0rquing subterrani de l\u2019estaci\u00f3.<\/p>\n<p>Davant d\u2019aquesta situaci\u00f3, Renfe ha disposat els mecanismes necessaris per a mantenir informats als seus clients i lamenta les mol\u00e8sties que es puguin derivar<\/p>\n","protected":false},"excerpt":{"rendered":"<p>19 treballadors han secundat la vaga convocada per SEMAF a la resid\u00e8ncia de Barcelona Sants durant la jornada d\u2019avui \u00b7<\/p>\n","protected":false},"author":4,"featured_media":0,"comment_status":"closed","ping_status":"open","sticky":false,"template":"","format":"standard","meta":{"footnotes":""},"categories":[],"tags":[17,41,37,42,45,44],"class_list":["post-7235","post","type-post","status-publish","format-standard","hentry","tag-afectacions-e-incidencies","tag-ave","tag-espana","tag-llarga-distancia-larga-distancia","tag-regionals-media-distancia","tag-rodalies-cercanias","comments-off"],"_links":{"self":[{"href":"https:\/\/www.agrupament.cat\/portal\/wp-json\/wp\/v2\/posts\/7235","targetHints":{"allow":["GET"]}}],"collection":[{"href":"https:\/\/www.agrupament.cat\/portal\/wp-json\/wp\/v2\/posts"}],"about":[{"href":"https:\/\/www.agrupament.cat\/portal\/wp-json\/wp\/v2\/types\/post"}],"author":[{"embeddable":true,"href":"https:\/\/www.agrupament.cat\/portal\/wp-json\/wp\/v2\/users\/4"}],"replies":[{"embeddable":true,"href":"https:\/\/www.agrupament.cat\/portal\/wp-json\/wp\/v2\/comments?post=7235"}],"version-history":[{"count":2,"href":"https:\/\/www.agrupament.cat\/portal\/wp-json\/wp\/v2\/posts\/7235\/revisions"}],"predecessor-version":[{"id":7238,"href":"https:\/\/www.agrupament.cat\/portal\/wp-json\/wp\/v2\/posts\/7235\/revisions\/7238"}],"wp:attachment":[{"href":"https:\/\/www.agrupament.cat\/portal\/wp-json\/wp\/v2\/media?parent=7235"}],"wp:term":[{"taxonomy":"category","embeddable":true,"href":"https:\/\/www.agrupament.cat\/portal\/wp-json\/wp\/v2\/categories?post=7235"},{"taxonomy":"post_tag","embeddable":true,"href":"https:\/\/www.agrupament.cat\/portal\/wp-json\/wp\/v2\/tags?post=7235"}],"curies":[{"name":"wp","href":"https:\/\/api.w.org\/{rel}","templated":true}]}}