{"id":7209,"date":"2010-05-05T07:37:47","date_gmt":"2010-05-05T06:37:47","guid":{"rendered":"http:\/\/www.agrupament.cat\/portal\/?p=7209"},"modified":"2010-05-05T07:40:15","modified_gmt":"2010-05-05T06:40:15","slug":"nova-jornada-de-vaga-convocada-per-semaf-a-la-residencia-de-barcelona-sants-que-afecta-als-serveis-de-renfe-a-catalunya","status":"publish","type":"post","link":"https:\/\/www.agrupament.cat\/portal\/2010\/05\/nova-jornada-de-vaga-convocada-per-semaf-a-la-residencia-de-barcelona-sants-que-afecta-als-serveis-de-renfe-a-catalunya\/","title":{"rendered":"Nova jornada de vaga convocada per SEMAF a la resid\u00e8ncia de Barcelona Sants que afecta als serveis de Renfe a Catalun"},"content":{"rendered":"<p><a href=\"http:\/\/www.agrupament.cat\/portal\/wp-content\/uploads\/2010\/05\/Renfe024.gif\"><img loading=\"lazy\" decoding=\"async\" class=\"alignleft size-full wp-image-7211\" title=\"Renfe02\" src=\"http:\/\/www.agrupament.cat\/portal\/wp-content\/uploads\/2010\/05\/Renfe024.gif\" alt=\"\" width=\"83\" height=\"35\" \/><\/a>Exigeixen 50 places d\u2019aparcament en el p\u00e0rquing subterrani de l\u2019estaci\u00f3 de Sants<\/p>\n<p><strong>\u00b7\u00a0\u00a0\u00a0\u00a0\u00a0\u00a0\u00a0 La Conselleria de Treball de la Generalitat de Catalunya i el Ministerio de Fomento han establert els serveis essencials per garantir la mobilitat dels clients<br \/>\n\u00b7\u00a0\u00a0\u00a0\u00a0\u00a0\u00a0\u00a0 Tota la informaci\u00f3 est\u00e0 disponible a <a href=\"http:\/\/www.renfe.com\">www.renfe.com<\/a> i al\u00a0 902 320 320, aix\u00ed com a <a href=\"http:\/\/www.rodaliesdecatalunya.cat\">www.rodaliesdecatalunya.cat<\/a> i 902 41 00 41 per informaci\u00f3 espec\u00edfica del servei de Rodalies<\/strong><\/p>\n<p>Barcelona, 5 de maig de 2010.-<\/p>\n<p><a href=\"http:\/\/www.agrupament.cat\/portal\/wp-content\/uploads\/2010\/05\/SEMAF1.jpg\"><img loading=\"lazy\" decoding=\"async\" class=\"alignleft size-full wp-image-7212\" title=\"SEMAF\" src=\"http:\/\/www.agrupament.cat\/portal\/wp-content\/uploads\/2010\/05\/SEMAF1.jpg\" alt=\"\" width=\"146\" height=\"35\" \/><\/a>Nova jornada de vaga de 24 hores convocada per <a href=\"http:\/\/http:\/\/www.semaf.net\/\">SEMAF<\/a> a la resid\u00e8ncia de Barcelona Sants que afecta a alguns dels serveis que Renfe presta a Catalunya. Aquestes aturades laborals tamb\u00e9 afectaran el proper divendres 7 de maig.\u00a0 Els serveis m\u00ednims decretats pel Ministerio de Fomento i la Generalitat de Catalunya garanteixen les connexions ferrovi\u00e0ries amb origen i destinaci\u00f3 Barcelona en tots els serveis.<!--more--><\/p>\n<p>Renfe i Semaf han estat negociant aquests \u00faltims mesos temes referents a la prevenci\u00f3 de riscos laborals en mat\u00e8ria d\u2019instal\u00b7laci\u00f3 de passarel\u00b7les per maniobres fora d\u2019andanes, rehabilitaci\u00f3 dels llocs de descans del personal i disposici\u00f3 de places de parking a l\u2019estaci\u00f3 de Sants:<\/p>\n<p>\u00b7\u00a0\u00a0\u00a0\u00a0\u00a0\u00a0\u00a0\u00a0 Renfe s\u2019ha comprom\u00e9s de forma reiterada a instal.lar plataformes en un termini de tres mesos a Hospitalet de Llobregat, Vilanova i la Geltr\u00fa, Terrassa, Manresa i de sis mesos, donat que es tracta d\u2019una actuaci\u00f3 m\u00e9s complexa a Matar\u00f3. Matar\u00f3 i Granollers Centre. Aquestes actuacions compten amb un pressupost aprovat de 360.000 euros.<br \/>\n\u00b7\u00a0\u00a0\u00a0\u00a0\u00a0\u00a0\u00a0\u00a0 Sales de descans: Renfe ja ha reformat la sala de descans m\u00e9s utilitzada pel personal, la de l\u2019estaci\u00f3 de Sants, les properes seran la de l\u2019Hospitalet de Llobregat i Sant Vicen\u00e7 de Calders, ja que tamb\u00e9 compten amb un alt nivell d\u2019\u00fas. Aquestes obres de millora disposen d\u2019un pressupost de 100.000 euros. A m\u00e9s, Renfe va proposar crear un grup de treball amb els representants dels maquinistes per adequar de forma similar la resta de sales.<br \/>\n\u00b7\u00a0\u00a0\u00a0\u00a0\u00a0\u00a0\u00a0\u00a0 Actualment, Renfe facilita a aquest col\u00b7lectiu 29 places d\u2019aparcament en el p\u00e0rquing situat a la part superior de l\u2019estaci\u00f3 de Sants i s\u2019ha comprom\u00e8s a arribar a les 50 places sol\u00b7licitades.<\/p>\n<p>No obstant, tot i l\u2019esfor\u00e7 i oferiment de Renfe en una \u00e8poca de crisi i austeritat, aquests maquinistes mantenen l\u2019exig\u00e8ncia de que les places estiguin situades en el p\u00e0rquing subterrani de Sants.<\/p>\n<p>Aquesta convocat\u00f2ria de vaga doncs es sustenta en l\u2019exig\u00e8ncia per part dels membres de SEMAF residents a l\u2019estaci\u00f3 de Sants de disposar de 50 places en el p\u00e0rquing subterrani de l\u2019estaci\u00f3.<\/p>\n<p>Davant d\u2019aquesta situaci\u00f3, Renfe ha disposat els mecanismes necessaris per a mantenir informats als seus clients i lamenta les mol\u00e8sties que es puguin derivar.<\/p>\n<p>Serveis Essencials<br \/>\nAmb motiu d\u2019aquesta convocat\u00f2ria que afecta la mobilitat habitual dels viatgers, la Conselleria de Treball de la Generalitat de Catalunya i el Ministerio de Fomento han fixat serveis m\u00ednims essencials pels trens de Rodalies, Media Dist\u00e0ncia i AVE-Llarga Dist\u00e0ncia.<\/p>\n<p>Els serveis essencials per als trens de Rodalies de Catalunya a Barcelona varien en funci\u00f3 del seu horari. En els per\u00edodes de major demanda, \u00e9s a dir, entre les 06.00 i les 09.30 hores i entre les 17.00 i les 20.30 hores seran del 66%. Durant la resta de la jornada ser\u00e0 del 33%.<\/p>\n<p>La mobilitat dels viatgers de Media Distancia Convencional es garantir\u00e0 amb el 65% de serveis, aquests percentatges no s\u00f3n sobre els totals dels trens, sin\u00f3 solament en els que presta servei el col\u00b7lectiu cridat a vaga.<\/p>\n<p>Dels 6 trens Avant diaris que connecten Barcelona, Camp de Tarragona i Lleida, es veur\u00e0 afectat un tren per sentit. Els viatgers afectats podran viatjar en trens que tenen la seva sortida programada entre 15 i 20 despr\u00e9s, tal i com es detalla a continuaci\u00f3:<br \/>\n&#8211;\u00a0\u00a0\u00a0\u00a0\u00a0\u00a0\u00a0\u00a0\u00a0\u00a0 Barcelona (6.10h)-Lleida (7.20h): els viatgers d\u2019aquest tren s\u2019encaminaran al tren Alvia amb sortida a les 7.35h<br \/>\n&#8211;\u00a0\u00a0\u00a0\u00a0\u00a0\u00a0\u00a0\u00a0\u00a0\u00a0 Lleida (21.05h)-Barcelona (22.17h): els viatgers d\u2019aquest tren s\u2019encaminaran al tren AVE amb sortida a les 21.24h<\/p>\n<p>Pel que fa els trens de Llarga Dist\u00e0ncia Convencional i Alta Velocitat amb origen o destinaci\u00f3 Barcelona, s\u2019oferir\u00e0 una mitja del 72% dels serveis. Per tant, dels 56 serveis AVE que Renfe presta a diari entre la Ciutat Comtal i Madrid, les aturades afectaran a la circulaci\u00f3 de trens en el trajecte Barcelona-Madrid i tres en el sentit invers. Els viatgers afectats podran viatjar en trens que tenen la seva sortida programada entre 10 i 60 minuts despr\u00e9s, tal i com es detalla a continuaci\u00f3:<\/p>\n<p>Sentit Barcelona-Madrid: Sortida de Barcelona:<br \/>\n&#8211; 6,40 h. alternativa 7,00 h<br \/>\n&#8211; 7,30 h alternativa 8,00h<br \/>\n&#8211; 8,30 h. alternativa 9,30h<br \/>\n&#8211; 15.30 h. alternativa 16,00h<br \/>\n&#8211; 17,30 h. alternativa 18,00 h<\/p>\n<p>Sentit Madrid-Barcelona: Sortida de Madrid:<br \/>\n&#8211; 10,30h alternativa 11,30h.<br \/>\n&#8211; 12,30h. alternativa 13,30h.<br \/>\n&#8211; 20,30h. alternativa 20:40h.<\/p>\n<p>Aix\u00ed mateix, els serveis de Llarga Dist\u00e0ncia Transversals que enllacen Barcelona amb el nord i sud peninsular circularan amb normalitat. En el corredor mediterrani, es veur\u00e0 afecta el servei Barcelona (8.45h) \u2013 Montpellier (13.22h) i viceversa (Montpellier 15.09h \u2013Barcelona 19.59h). La resta de trens internacionals circula amb normalitat.<\/p>\n<p>Tota la informaci\u00f3 est\u00e0 disponible a <a href=\"http:\/\/www.renfe.com\">www.renfe.com<\/a> i al tel\u00e8fon <strong>902 320 320<\/strong>. A m\u00e9s, la informaci\u00f3 del servei de Rodalies de Catalunya es pot consultar tamb\u00e9 a <a href=\"http:\/\/www.rodaliesdecatalunya.cat\">www.rodaliesdecatalunya.cat<\/a> i al tel\u00e8fon <strong>902 41 00 41<\/strong>.<\/p>\n","protected":false},"excerpt":{"rendered":"<p>Exigeixen 50 places d\u2019aparcament en el p\u00e0rquing subterrani de l\u2019estaci\u00f3 de Sants \u00b7\u00a0\u00a0\u00a0\u00a0\u00a0\u00a0\u00a0 La Conselleria de Treball de la Generalitat<\/p>\n","protected":false},"author":4,"featured_media":0,"comment_status":"closed","ping_status":"open","sticky":false,"template":"","format":"standard","meta":{"footnotes":""},"categories":[],"tags":[17,37,42,45,44],"class_list":["post-7209","post","type-post","status-publish","format-standard","hentry","tag-afectacions-e-incidencies","tag-espana","tag-llarga-distancia-larga-distancia","tag-regionals-media-distancia","tag-rodalies-cercanias","comments-off"],"_links":{"self":[{"href":"https:\/\/www.agrupament.cat\/portal\/wp-json\/wp\/v2\/posts\/7209","targetHints":{"allow":["GET"]}}],"collection":[{"href":"https:\/\/www.agrupament.cat\/portal\/wp-json\/wp\/v2\/posts"}],"about":[{"href":"https:\/\/www.agrupament.cat\/portal\/wp-json\/wp\/v2\/types\/post"}],"author":[{"embeddable":true,"href":"https:\/\/www.agrupament.cat\/portal\/wp-json\/wp\/v2\/users\/4"}],"replies":[{"embeddable":true,"href":"https:\/\/www.agrupament.cat\/portal\/wp-json\/wp\/v2\/comments?post=7209"}],"version-history":[{"count":5,"href":"https:\/\/www.agrupament.cat\/portal\/wp-json\/wp\/v2\/posts\/7209\/revisions"}],"predecessor-version":[{"id":7216,"href":"https:\/\/www.agrupament.cat\/portal\/wp-json\/wp\/v2\/posts\/7209\/revisions\/7216"}],"wp:attachment":[{"href":"https:\/\/www.agrupament.cat\/portal\/wp-json\/wp\/v2\/media?parent=7209"}],"wp:term":[{"taxonomy":"category","embeddable":true,"href":"https:\/\/www.agrupament.cat\/portal\/wp-json\/wp\/v2\/categories?post=7209"},{"taxonomy":"post_tag","embeddable":true,"href":"https:\/\/www.agrupament.cat\/portal\/wp-json\/wp\/v2\/tags?post=7209"}],"curies":[{"name":"wp","href":"https:\/\/api.w.org\/{rel}","templated":true}]}}