{"id":7176,"date":"2010-05-03T15:06:37","date_gmt":"2010-05-03T14:06:37","guid":{"rendered":"http:\/\/www.agrupament.cat\/portal\/?p=7176"},"modified":"2010-05-03T15:07:11","modified_gmt":"2010-05-03T14:07:11","slug":"semaf-convoca-vaga-a-la-residencia-de-barcelona-sants-per-als-dies-3-5-i-7-de-maig-que-afecta-als-serveis-de-renfe-a-barcelona-2","status":"publish","type":"post","link":"https:\/\/www.agrupament.cat\/portal\/2010\/05\/semaf-convoca-vaga-a-la-residencia-de-barcelona-sants-per-als-dies-3-5-i-7-de-maig-que-afecta-als-serveis-de-renfe-a-barcelona-2\/","title":{"rendered":"SEMAF convoca vaga a la resid\u00e8ncia de Barcelona Sants per als dies 3, 5 i 7 de maig que afecta als serveis de Renfe a Barcelona"},"content":{"rendered":"<p><a href=\"http:\/\/www.agrupament.cat\/portal\/wp-content\/uploads\/2010\/05\/Renfe021.gif\"><img loading=\"lazy\" decoding=\"async\" class=\"alignleft size-full wp-image-7177\" title=\"Renfe02\" src=\"http:\/\/www.agrupament.cat\/portal\/wp-content\/uploads\/2010\/05\/Renfe021.gif\" alt=\"\" width=\"83\" height=\"35\" \/><\/a>Exigeixen 50 places d\u2019aparcament en el p\u00e0rquing subterrani de l\u2019estaci\u00f3 de Sants<\/p>\n<p><strong>\u2022 En el torn del mat\u00ed, tres treballadors han secundat la vaga <\/strong><\/p>\n<p><strong>\u2022 Fins les 11.00h el servei de Rodalies de Catalunya, Media Dist\u00e0ncia i AVE-Llarga Dist\u00e0ncia s\u2019ha desenvolupat sense incid\u00e8ncies destacables <\/strong><\/p>\n<p><strong>\u2022 La Conselleria de Treball de la Generalitat de Catalunya i el Ministerio de Fomento han establert els serveis essencials per garantir la mobilitat dels clients <\/strong><\/p>\n<p><strong>\u2022 Tota la informaci\u00f3 est\u00e0 disponible a <a href=\"http:\/\/www.renfe.com\">www.renfe.com<\/a> i <a href=\"http:\/\/rodalies.gencat.cat\">rodalies.gencat.cat<\/a>, aix\u00ed com als tel\u00e8fons 902 320 320 i 902 41 00 41 <\/strong><\/p>\n<p>Barcelona, 3 de maig de 2010 (Renfe).-<\/p>\n<p><a href=\"http:\/\/http:\/\/www.semaf.net\/\">SEMAF<\/a> ha convocat a la resid\u00e8ncia de Barcelona Sants tres jornades de vaga de 24 hores per avui i els propers 5 i 7 de maig, que afecta a alguns dels serveis que Renfe presta a Barcelona. Els serveis m\u00ednims decretats pel Ministerio de Fomento i la Generalitat de Catalunya garanteixen les connexions ferrovi\u00e0ries amb origen i destinaci\u00f3 Barcelona en tots els serveis.   Fins les 11.00 hores, tres treballadors ha secundat la vaga, el que representa un seguiment del 3,44%. Fins aquesta hora, la vaga s\u2019ha desenvolupat sense incid\u00e8ncies remarcables i han circulat tots els serveis essencials decretats tant a Rodalies de Catalunya com a Media i Llarga Dist\u00e0ncia.   De 6.00h a 11.00h, prop de 65.000 viatgers s\u2019han vist afectats per la convocat\u00f2ria de vaga, 62.000 d\u2019aquests clients corresponen a Rodalies de Catalunya, 1.500 a Media Distancia i 900 viatgers d\u2019AVE-Llarga Dist\u00e0ncia.<!--more--><\/p>\n<p>Des de dissabte 1 de maig, Renfe ha estat informant d\u2019aquesta vaga per megafonia de trens i estacions, p\u00e0gines web <a href=\"http:\/\/www.renfe.com\">www.renfe.com<\/a> i <a href=\"http:\/\/rodalies.gencat.cat\">rodalies.gencat.cat<\/a>, aix\u00ed com als tel\u00e8fons <strong>902 320 320, 902 41 00 41<\/strong> i personal d\u2019atenci\u00f3 al client.<\/p>\n<p>Al nucli de Rodalies de Catalunya, des de les 7.30h fins els trens de les l\u00ednies R4 sud i R7 han circulat amb una demora de 25 minuts de mitjana a causa d\u2019una incid\u00e8ncia que ha afectat les instal\u2022lacions a l\u2019estaci\u00f3 de Castellbisbal. La resta del servei s\u2019ha desenvolupat amb normalitat.<\/p>\n<p>Aquesta convocat\u00f2ria de vaga es sustenta en l\u2019exig\u00e8ncia per part dels membres de SEMAF residents a l\u2019estaci\u00f3 de Sants de disposar de 50 places en el p\u00e0rquing subterrani de l\u2019estaci\u00f3.   Actualment, Renfe facilita a aquest col\u2022lectiu 29 places d\u2019aparcament en el p\u00e0rquing situat a la part superior de l\u2019estaci\u00f3 de Sants i s\u2019ha comprom\u00e8s a arribar a les 50 places sol\u2022licitades.<\/p>\n<p>No obstant, tot i l\u2019esfor\u00e7 i oferiment de Renfe en una \u00e8poca de crisi i austeritat, aquests maquinistes mantenen l\u2019exig\u00e8ncia de que les places estiguin situades en el p\u00e0rquing subterrani de Sants.   Davant d\u2019aquesta situaci\u00f3, Renfe ha disposat els mecanismes necessaris per a mantenir informats als seus clients i lamenta les mol\u00e8sties que es puguin derivar.<\/p>\n<p><strong>Serveis Essencials<\/strong><\/p>\n<p>Amb motiu d\u2019aquesta convocat\u00f2ria que afecta la mobilitat habitual dels viatgers, la Conselleria de Treball de la Generalitat de Catalunya i el Ministerio de Fomento han fixat serveis m\u00ednims essencials pels trens de Rodalies, Media Dist\u00e0ncia i AVE-Llarga Dist\u00e0ncia.<\/p>\n<p>Els serveis essencials per als trens de Rodalies de Catalunya a Barcelona varien en funci\u00f3 del seu horari. En els per\u00edodes de major demanda, \u00e9s a dir, entre les 06.00 i les 09.30 hores i entre les 17.00 i les 20.30 hores s\u00f3n del 66%.<\/p>\n<p>Durant la resta de la jornada s\u00f3n del 33%.   La mobilitat dels viatgers de Media Distancia Convencional es garanteix amb el 65% de serveis, aquests percentatges no s\u00f3n sobre els totals dels trens, sin\u00f3 solament en els que presta servei el col\u2022lectiu cridat a vaga.<\/p>\n<p>Dels 6 trens Avant diaris que connecten Barcelona, Camp de Tarragona i Lleida, es veu afectat un tren per sentit.Els viatgers afectats poden viatjar en trens que tenen la seva sortida programada entre 15 i 20 despr\u00e9s, tal i com es detalla a continuaci\u00f3:<\/p>\n<p>&#8211; Barcelona (6.10h)-Lleida (7.20h): els viatgers d\u2019aquest tren s\u2019encaminaran al tren Alvia amb sortida a les 7.35h<\/p>\n<p>&#8211; Lleida (21.05h)-Barcelona (22.17h): els viatgers d\u2019aquest tren s\u2019encaminaran al tren AVE amb sortida a les 21.24h  Pel que fa els trens de Llarga Dist\u00e0ncia Convencional i Alta Velocitat amb origen o destinaci\u00f3 Barcelona, s\u2019ofereix una mitja del 72% dels serveis.<\/p>\n<p>Per tant, dels 56 serveis AVE que Renfe presta a diari entre la Ciutat Comtal i Madrid, les aturades afecten a la circulaci\u00f3 de quatre trens en el trajecte Barcelona-Madrid i tres en el sentit invers.<\/p>\n<p>Els viatgers afectats poden viatjar en trens que tenen la seva sortida programada entre 10 i 60 minuts.  Aix\u00ed mateix, els serveis de Llarga Dist\u00e0ncia Transversals que enllacen Barcelona amb el nord i sud peninsular circularan amb normalitat.<\/p>\n<p>En el corredor mediterrani, es veu afectat el servei Barcelona (8.45h) \u2013 Montpellier (13.22h) i viceversa (Montpellier 15.09h \u2013Barcelona 19.59h). La resta de trens internacionals circula amb normalitat.<\/p>\n<p>Tota la informaci\u00f3 est\u00e0 disponible a <a href=\"http:\/\/www.renfe.com\">www.renfe.com<\/a> i al tel\u00e8fon <strong>902 320 320<\/strong>. A m\u00e9s, la informaci\u00f3 del servei de Rodalies de Catalunya es pot consultar tamb\u00e9 a <a href=\"http:\/\/rodalies.gencat.cat\">rodalies.gencat.cat<\/a> i al tel\u00e8fon <strong>902 41 00 41<\/strong><\/p>\n","protected":false},"excerpt":{"rendered":"<p>Exigeixen 50 places d\u2019aparcament en el p\u00e0rquing subterrani de l\u2019estaci\u00f3 de Sants \u2022 En el torn del mat\u00ed, tres treballadors<\/p>\n","protected":false},"author":4,"featured_media":0,"comment_status":"closed","ping_status":"open","sticky":false,"template":"","format":"standard","meta":{"footnotes":""},"categories":[],"tags":[17,41,37,45,44],"class_list":["post-7176","post","type-post","status-publish","format-standard","hentry","tag-afectacions-e-incidencies","tag-ave","tag-espana","tag-regionals-media-distancia","tag-rodalies-cercanias","comments-off"],"_links":{"self":[{"href":"https:\/\/www.agrupament.cat\/portal\/wp-json\/wp\/v2\/posts\/7176","targetHints":{"allow":["GET"]}}],"collection":[{"href":"https:\/\/www.agrupament.cat\/portal\/wp-json\/wp\/v2\/posts"}],"about":[{"href":"https:\/\/www.agrupament.cat\/portal\/wp-json\/wp\/v2\/types\/post"}],"author":[{"embeddable":true,"href":"https:\/\/www.agrupament.cat\/portal\/wp-json\/wp\/v2\/users\/4"}],"replies":[{"embeddable":true,"href":"https:\/\/www.agrupament.cat\/portal\/wp-json\/wp\/v2\/comments?post=7176"}],"version-history":[{"count":3,"href":"https:\/\/www.agrupament.cat\/portal\/wp-json\/wp\/v2\/posts\/7176\/revisions"}],"predecessor-version":[{"id":7180,"href":"https:\/\/www.agrupament.cat\/portal\/wp-json\/wp\/v2\/posts\/7176\/revisions\/7180"}],"wp:attachment":[{"href":"https:\/\/www.agrupament.cat\/portal\/wp-json\/wp\/v2\/media?parent=7176"}],"wp:term":[{"taxonomy":"category","embeddable":true,"href":"https:\/\/www.agrupament.cat\/portal\/wp-json\/wp\/v2\/categories?post=7176"},{"taxonomy":"post_tag","embeddable":true,"href":"https:\/\/www.agrupament.cat\/portal\/wp-json\/wp\/v2\/tags?post=7176"}],"curies":[{"name":"wp","href":"https:\/\/api.w.org\/{rel}","templated":true}]}}