{"id":6703,"date":"2010-03-19T15:24:49","date_gmt":"2010-03-19T14:24:49","guid":{"rendered":"http:\/\/www.agrupament.cat\/portal\/?p=6703"},"modified":"2010-03-19T15:25:02","modified_gmt":"2010-03-19T14:25:02","slug":"el-fcbarcelona-utilitzara-el-servei-ave-per-desplacar-se-fins-a-saragossa","status":"publish","type":"post","link":"https:\/\/www.agrupament.cat\/portal\/2010\/03\/el-fcbarcelona-utilitzara-el-servei-ave-per-desplacar-se-fins-a-saragossa\/","title":{"rendered":"El FCBarcelona utilitzar\u00e0 el servei AVE per despla\u00e7ar-se fins a Saragossa"},"content":{"rendered":"<p><strong><a href=\"http:\/\/www.agrupament.cat\/portal\/wp-content\/uploads\/2010\/03\/Renfe0218.gif\"><img loading=\"lazy\" decoding=\"async\" class=\"alignleft size-full wp-image-6704\" title=\"Renfe02\" src=\"http:\/\/www.agrupament.cat\/portal\/wp-content\/uploads\/2010\/03\/Renfe0218.gif\" alt=\"\" width=\"83\" height=\"35\" \/><\/a><a href=\"http:\/\/www.agrupament.cat\/portal\/wp-content\/uploads\/2010\/03\/FCB.jpg\"><img loading=\"lazy\" decoding=\"async\" class=\"alignleft size-full wp-image-6705\" title=\"FCB\" src=\"http:\/\/www.agrupament.cat\/portal\/wp-content\/uploads\/2010\/03\/FCB.jpg\" alt=\"\" width=\"104\" height=\"78\" \/><\/a>El conjunt blaugrana s\u2019enfrontar\u00e0 al Reial Saragossa en partit corresponent a la 27ena jornada de Lliga<\/strong><\/p>\n<p><strong>\u2022 L\u2019equip sortir\u00e0 el diumenge a les 11.10 hores des de Barcelona Sants amb arribada a Saragossa a les 12.40 hores <\/strong> <strong><\/strong><\/p>\n<p><strong>\u2022 Una vegada finalitzi el partir tornaran en un AVE amb sortida a les 00.15 hores amb arribada a Sants a les 01.47 hores<br \/>\n<\/strong><br \/>\nBarcelona, 19 de mar\u00e7 de 2010 (Renfe).<\/p>\n<p>El FC Barcelona es despla\u00e7ar\u00e0 el diumenge 21 de mar\u00e7 en tren\u00a0 AVE fins Saragossa, per a disputar contra l\u2019equip aragon\u00e8s el partit corresponent a la 27ena jornada de Lliga.<\/p>\n<p>L\u2019equip sortir\u00e0 de l\u2019estaci\u00f3 de Barcelona Sants a les 11.10 hores amb destinaci\u00f3 Saragossa, on arribar\u00e0 a les 12.40 hores. El conjunt blaugrana disputar\u00e0 el partit el mateix diumenge 21 i tornar\u00e0 en un tren AVE amb sortida de Saragossa a les 00.15 i arribada a Sants a les 01.47 hores.<\/p>\n","protected":false},"excerpt":{"rendered":"<p>El conjunt blaugrana s\u2019enfrontar\u00e0 al Reial Saragossa en partit corresponent a la 27ena jornada de Lliga \u2022 L\u2019equip sortir\u00e0 el<\/p>\n","protected":false},"author":4,"featured_media":0,"comment_status":"closed","ping_status":"open","sticky":false,"template":"","format":"standard","meta":{"footnotes":""},"categories":[],"tags":[25,6],"class_list":["post-6703","post","type-post","status-publish","format-standard","hentry","tag-actes-congrtesosi-exposicions-fires-i-formacio","tag-informacio-de-caracter-general","comments-off"],"_links":{"self":[{"href":"https:\/\/www.agrupament.cat\/portal\/wp-json\/wp\/v2\/posts\/6703","targetHints":{"allow":["GET"]}}],"collection":[{"href":"https:\/\/www.agrupament.cat\/portal\/wp-json\/wp\/v2\/posts"}],"about":[{"href":"https:\/\/www.agrupament.cat\/portal\/wp-json\/wp\/v2\/types\/post"}],"author":[{"embeddable":true,"href":"https:\/\/www.agrupament.cat\/portal\/wp-json\/wp\/v2\/users\/4"}],"replies":[{"embeddable":true,"href":"https:\/\/www.agrupament.cat\/portal\/wp-json\/wp\/v2\/comments?post=6703"}],"version-history":[{"count":3,"href":"https:\/\/www.agrupament.cat\/portal\/wp-json\/wp\/v2\/posts\/6703\/revisions"}],"predecessor-version":[{"id":6708,"href":"https:\/\/www.agrupament.cat\/portal\/wp-json\/wp\/v2\/posts\/6703\/revisions\/6708"}],"wp:attachment":[{"href":"https:\/\/www.agrupament.cat\/portal\/wp-json\/wp\/v2\/media?parent=6703"}],"wp:term":[{"taxonomy":"category","embeddable":true,"href":"https:\/\/www.agrupament.cat\/portal\/wp-json\/wp\/v2\/categories?post=6703"},{"taxonomy":"post_tag","embeddable":true,"href":"https:\/\/www.agrupament.cat\/portal\/wp-json\/wp\/v2\/tags?post=6703"}],"curies":[{"name":"wp","href":"https:\/\/api.w.org\/{rel}","templated":true}]}}