{"id":6631,"date":"2010-03-16T18:46:46","date_gmt":"2010-03-16T17:46:46","guid":{"rendered":"http:\/\/www.agrupament.cat\/portal\/?p=6631"},"modified":"2010-03-16T19:13:23","modified_gmt":"2010-03-16T18:13:23","slug":"la-1a-edicio-de-la-primavera-cultural-tmb-omplira-el-metro-i-el-bus-de-cultura-fins-al-mes-de-juny","status":"publish","type":"post","link":"https:\/\/www.agrupament.cat\/portal\/2010\/03\/la-1a-edicio-de-la-primavera-cultural-tmb-omplira-el-metro-i-el-bus-de-cultura-fins-al-mes-de-juny\/","title":{"rendered":"La 1a edici\u00f3 de la Primavera Cultural TMB omplir\u00e0  el metro i el bus de cultura fins al mes de juny"},"content":{"rendered":"<p><strong><a href=\"http:\/\/www.agrupament.cat\/portal\/wp-content\/uploads\/2010\/03\/TMB013.gif\"><img loading=\"lazy\" decoding=\"async\" class=\"alignleft size-full wp-image-6632\" title=\"TMB01\" src=\"http:\/\/www.agrupament.cat\/portal\/wp-content\/uploads\/2010\/03\/TMB013.gif\" alt=\"\" width=\"82\" height=\"60\" \/><\/a>\u00b7 La programaci\u00f3 inclou una desfilada de moda al metro, l\u2019obertura d\u2019una sala d\u2019exposicions a Diagonal (L5) i passejades a dalt de vehicles hist\u00f2rics<\/strong><\/p>\n<p>El proper dijous, 18 de mar\u00e7, a les 19 hores, tindr\u00e0 lloc a l\u2019estaci\u00f3 de metro d\u2019Universitat (L1 i L2) la presentaci\u00f3 de la Primavera Cultural de TMB, un seguit d\u2019accions i esdeveniments de diferents disciplines (arts esc\u00e8niques, m\u00fasica, art gr\u00e0fic, videocreacions, literatura, moda, etc.), que fins a finals del mes de juny es portaran a terme a la xarxa de metro i d\u2019autobusos, amb l\u2019objectiu de fomentar i apropar als usuaris els valors socials i culturals de la ciutat de Barcelona i l\u2019\u00c0rea Metropolitana. L\u2019acte de presentaci\u00f3 de la Primavera Cultural comptar\u00e0 amb la pres\u00e8ncia de la presidenta i el vicepresident executiu de TMB, Assumpta Escarp i D\u00eddac Pesta\u00f1a, respectivament, aix\u00ed com la de l\u2019il\u00b7lustrador Philippe Stanton, que ha dissenyat el cartell oficial del programa, i l\u2019intervenci\u00f3 d\u2019alguns dels representants de les institucions col\u00b7laboradores.<!--more--><\/p>\n<p>Despr\u00e9s de la presentaci\u00f3 del projecte hi haur\u00e0 una actuaci\u00f3 musical a c\u00e0rrec d\u2019un dels participants de la 56 edici\u00f3 dels Concurs Internacional de M\u00fasica Maria Canals, activitat que s\u2019aixopluga sota el paraig\u00fces de la Primavera Cultural i que el proper dimecres, 17 de mar\u00e7, dispara el tret de sortida de la programaci\u00f3. La 56 edici\u00f3 del Concurs Internacional de M\u00fasica Maria Canals est\u00e0 organitzada pel Palau de la M\u00fasica Catalana i, un any m\u00e9s, el vest\u00edbul de l\u2019estaci\u00f3 d\u2019Universitat de la l\u00ednia 2 de metro acull una marat\u00f3 d\u2019interpretacions d\u2019alguns dels seus participants. Els concerts de piano al metro tindran lloc entre les 17 i les 21 hores del dimecres, 17 de mar\u00e7, i entre les 10 i les 21 hores del dijous, 18 de mar\u00e7.<\/p>\n<p>El ventall de disciplines de la Primavera Cultural es poden dividir en sis grans \u00e0mbits: M\u00fasica, Exposicions, Moda, Arts esc\u00e8niques i audiovisuals, Literatura i Historia. Entre les activitats que s\u2019emmarquen dins aquest programa, hi ha propostes habituals com les activitats dels m\u00fasics al metro per\u00f2 tamb\u00e9 destaquen moltes propostes culturals noves i pioneres que s\u2019inicien aquest any, com ara una desfilada de moda a l\u2019intercanviador de Diagonal (L5), passejades de vehicles hist\u00f2rics de bus i de metro per als apassionats del transport p\u00fablic, l\u2019obertura d\u2019una nova sala d\u2019exposicions a l\u2019estaci\u00f3 de metro de Diagonal (L5), l\u2019Espai Merc\u00e8 Sala i un espectacle de ball al metro durant tot un dia.<\/p>\n","protected":false},"excerpt":{"rendered":"<p>\u00b7 La programaci\u00f3 inclou una desfilada de moda al metro, l\u2019obertura d\u2019una sala d\u2019exposicions a Diagonal (L5) i passejades a<\/p>\n","protected":false},"author":4,"featured_media":0,"comment_status":"closed","ping_status":"open","sticky":false,"template":"","format":"standard","meta":{"footnotes":""},"categories":[],"tags":[25,4],"class_list":["post-6631","post","type-post","status-publish","format-standard","hentry","tag-actes-congrtesosi-exposicions-fires-i-formacio","tag-funiculars-i-telecabines","comments-off"],"_links":{"self":[{"href":"https:\/\/www.agrupament.cat\/portal\/wp-json\/wp\/v2\/posts\/6631","targetHints":{"allow":["GET"]}}],"collection":[{"href":"https:\/\/www.agrupament.cat\/portal\/wp-json\/wp\/v2\/posts"}],"about":[{"href":"https:\/\/www.agrupament.cat\/portal\/wp-json\/wp\/v2\/types\/post"}],"author":[{"embeddable":true,"href":"https:\/\/www.agrupament.cat\/portal\/wp-json\/wp\/v2\/users\/4"}],"replies":[{"embeddable":true,"href":"https:\/\/www.agrupament.cat\/portal\/wp-json\/wp\/v2\/comments?post=6631"}],"version-history":[{"count":4,"href":"https:\/\/www.agrupament.cat\/portal\/wp-json\/wp\/v2\/posts\/6631\/revisions"}],"predecessor-version":[{"id":6635,"href":"https:\/\/www.agrupament.cat\/portal\/wp-json\/wp\/v2\/posts\/6631\/revisions\/6635"}],"wp:attachment":[{"href":"https:\/\/www.agrupament.cat\/portal\/wp-json\/wp\/v2\/media?parent=6631"}],"wp:term":[{"taxonomy":"category","embeddable":true,"href":"https:\/\/www.agrupament.cat\/portal\/wp-json\/wp\/v2\/categories?post=6631"},{"taxonomy":"post_tag","embeddable":true,"href":"https:\/\/www.agrupament.cat\/portal\/wp-json\/wp\/v2\/tags?post=6631"}],"curies":[{"name":"wp","href":"https:\/\/api.w.org\/{rel}","templated":true}]}}