{"id":6591,"date":"2010-03-10T22:23:39","date_gmt":"2010-03-10T21:23:39","guid":{"rendered":"http:\/\/www.agrupament.cat\/portal\/?p=6591"},"modified":"2010-03-10T22:23:39","modified_gmt":"2010-03-10T21:23:39","slug":"barcelona-es-converteix-aquesta-setmana-en-capital-internacional-dels-metros-automatics","status":"publish","type":"post","link":"https:\/\/www.agrupament.cat\/portal\/2010\/03\/barcelona-es-converteix-aquesta-setmana-en-capital-internacional-dels-metros-automatics\/","title":{"rendered":"Barcelona es converteix aquesta setmana en capital internacional dels metros autom\u00e0tics"},"content":{"rendered":"<p><strong><a href=\"http:\/\/www.agrupament.cat\/portal\/wp-content\/uploads\/2010\/03\/TMB011.gif\"><img loading=\"lazy\" decoding=\"async\" class=\"alignleft size-full wp-image-6592\" title=\"TMB01\" src=\"http:\/\/www.agrupament.cat\/portal\/wp-content\/uploads\/2010\/03\/TMB011.gif\" alt=\"\" width=\"82\" height=\"60\" \/><\/a>Barcelona ser\u00e0 escenari aquesta setmana de dues trobades de dirigents empresarials, c\u00e0rrecs institucionals i t\u00e8cnics d\u2019arreu del m\u00f3n que vindran a con\u00e8ixer la nova l\u00ednia 9 de metro , que ser\u00e0 la l\u00ednia autom\u00e0tica m\u00e9s llarga d\u2019Europa, i a fer el seguiment de la implantaci\u00f3 de les solucions tecnol\u00f2giques aplicades per a l\u2019automatitzaci\u00f3 del transport suburb\u00e0, com a resposta a les creixents exig\u00e8ncies de seguretat i atenci\u00f3 al client.<\/strong><\/p>\n<p>Dem\u00e0 i divendres, dies 11 i 12 de mar\u00e7, tindran lloc les jornades Presentaci\u00f3 internacional de la l\u00ednia 9. L\u2019automatitzaci\u00f3 del metro de Barcelona, organitzades per TMB i Ifercat, amb la col\u00b7laboraci\u00f3 de Railgrup i Siemens. Hi participaran una vuitantena de directius i responsables d\u2019institucions i operadors d\u2019una dotzena de pa\u00efsos d\u2019Europa, Am\u00e8rica i \u00c0sia. Entre d\u2019altres, hi haur\u00e0 representacions de Moscou, Hong Kong, Buenos Aires, Bogot\u00e0, Berl\u00edn, Par\u00eds, Li\u00f3, Roma, Mil\u00e0, Copenhaguen, Londres, Brussel\u00b7les, Praga i Lisboa, a m\u00e9s de Madrid, Bilbao, Val\u00e8ncia, Sevilla i Barcelona.<\/p>\n<p>Durant les jornades, els participants faran visites al subtram de Santa Coloma de Gramenet de la l\u00ednia 9, estrenat el desembre passat, a la l\u00ednia 11, que funciona gaireb\u00e9 completament sense conductor, i al centre de control de metro, on es centralitza la supervisi\u00f3 de les l\u00ednies autom\u00e0tiques i tamb\u00e9 de les convencionals.<!--more--><\/p>\n<p>Per decisi\u00f3 de la Uni\u00f3 Internacional de Transport P\u00fablics (UITP), TMB dirigeix el seu Observatori de Metros Autom\u00e0tics, creat el 2005, que es reuneix a Barcelona dem\u00e0 dijous. En s\u00f3n membres els principals operadors de metros autom\u00e0tics del m\u00f3n: Par\u00eds, Hong Kong, Nuremberg, Copenhaguen Singapur, Lausana, Lilla, Li\u00f3, Rennes, Vancouver, Roma i Dubai, a m\u00e9s de Barcelona, que el presideix.<\/p>\n<p>L\u2019Observatori de Metros Autom\u00e0tics t\u00e9 per objectiu satisfer les necessitats d\u2019informaci\u00f3 dels seus membres sobre l\u2019explotaci\u00f3 de metros autom\u00e0tics. Aprofitant els coneixements dels integrants, elabora documentaci\u00f3 que peri\u00f2dicament es posa a disposici\u00f3 dins la UITP.<br \/>\nBarcelona, 10 de mar\u00e7 de 2010<\/p>\n","protected":false},"excerpt":{"rendered":"<p>Barcelona ser\u00e0 escenari aquesta setmana de dues trobades de dirigents empresarials, c\u00e0rrecs institucionals i t\u00e8cnics d\u2019arreu del m\u00f3n que vindran<\/p>\n","protected":false},"author":4,"featured_media":0,"comment_status":"closed","ping_status":"open","sticky":false,"template":"","format":"standard","meta":{"footnotes":""},"categories":[],"tags":[25,6],"class_list":["post-6591","post","type-post","status-publish","format-standard","hentry","tag-actes-congrtesosi-exposicions-fires-i-formacio","tag-informacio-de-caracter-general","comments-off"],"_links":{"self":[{"href":"https:\/\/www.agrupament.cat\/portal\/wp-json\/wp\/v2\/posts\/6591","targetHints":{"allow":["GET"]}}],"collection":[{"href":"https:\/\/www.agrupament.cat\/portal\/wp-json\/wp\/v2\/posts"}],"about":[{"href":"https:\/\/www.agrupament.cat\/portal\/wp-json\/wp\/v2\/types\/post"}],"author":[{"embeddable":true,"href":"https:\/\/www.agrupament.cat\/portal\/wp-json\/wp\/v2\/users\/4"}],"replies":[{"embeddable":true,"href":"https:\/\/www.agrupament.cat\/portal\/wp-json\/wp\/v2\/comments?post=6591"}],"version-history":[{"count":2,"href":"https:\/\/www.agrupament.cat\/portal\/wp-json\/wp\/v2\/posts\/6591\/revisions"}],"predecessor-version":[{"id":6594,"href":"https:\/\/www.agrupament.cat\/portal\/wp-json\/wp\/v2\/posts\/6591\/revisions\/6594"}],"wp:attachment":[{"href":"https:\/\/www.agrupament.cat\/portal\/wp-json\/wp\/v2\/media?parent=6591"}],"wp:term":[{"taxonomy":"category","embeddable":true,"href":"https:\/\/www.agrupament.cat\/portal\/wp-json\/wp\/v2\/categories?post=6591"},{"taxonomy":"post_tag","embeddable":true,"href":"https:\/\/www.agrupament.cat\/portal\/wp-json\/wp\/v2\/tags?post=6591"}],"curies":[{"name":"wp","href":"https:\/\/api.w.org\/{rel}","templated":true}]}}