{"id":6420,"date":"2010-02-28T09:33:12","date_gmt":"2010-02-28T08:33:12","guid":{"rendered":"http:\/\/www.agrupament.cat\/portal\/?p=6420"},"modified":"2010-02-28T09:33:12","modified_gmt":"2010-02-28T08:33:12","slug":"converses-d%e2%80%99estacio-al-museu-del-ferrocarril-de-vilanova","status":"publish","type":"post","link":"https:\/\/www.agrupament.cat\/portal\/2010\/02\/converses-d%e2%80%99estacio-al-museu-del-ferrocarril-de-vilanova\/","title":{"rendered":"CONVERSES D\u2019ESTACI\u00d3 AL MUSEU DEL FERROCARRIL DE VILANOVA"},"content":{"rendered":"<p><a href=\"http:\/\/www.agrupament.cat\/portal\/wp-content\/uploads\/2010\/02\/Museu-Vilanova-color.jpg\"><img loading=\"lazy\" decoding=\"async\" class=\"alignleft size-full wp-image-6421\" title=\"Museu Vilanova color\" src=\"http:\/\/www.agrupament.cat\/portal\/wp-content\/uploads\/2010\/02\/Museu-Vilanova-color.jpg\" alt=\"\" width=\"86\" height=\"136\" \/><\/a>Dimecres 3 de mar\u00e7 de 2010<\/p>\n<p><strong>L\u2019EDUCACI\u00d3 ALS MUSEUS LOCALS<br \/>\n<\/strong><br \/>\nD\u2019alguna manera tots els museus som museus locals en quant ens relacionem amb el entorn m\u00e9s proper mitjan\u00e7ant les nostres activitats. Hem pensat que seria interessant conversar sobre QUI, QU\u00c8 i COM les fem.\u00a0 Per aix\u00f2, hem organitzat aquesta jornada sobre L\u2019Educaci\u00f3 als museus locals. L\u2019assist\u00e8ncia \u00e9s gratu\u00efta. Us hi esperem.<\/p>\n<p>Per inscripci\u00f3 i m\u00e9s informaci\u00f3 (Temari, Horaris):\u00a0\u00a0\u00a0\u00a0\u00a0\u00a0\u00a0\u00a0\u00a0 <a href=\"http:\/\/www.museudelferrocarril.org\/act_age_converses.htm\">Museu del Ferrocarril de Vilanova<\/a><\/p>\n","protected":false},"excerpt":{"rendered":"<p>Dimecres 3 de mar\u00e7 de 2010 L\u2019EDUCACI\u00d3 ALS MUSEUS LOCALS D\u2019alguna manera tots els museus som museus locals en quant<\/p>\n","protected":false},"author":4,"featured_media":0,"comment_status":"closed","ping_status":"open","sticky":false,"template":"","format":"standard","meta":{"footnotes":""},"categories":[],"tags":[25],"class_list":["post-6420","post","type-post","status-publish","format-standard","hentry","tag-actes-congrtesosi-exposicions-fires-i-formacio","comments-off"],"_links":{"self":[{"href":"https:\/\/www.agrupament.cat\/portal\/wp-json\/wp\/v2\/posts\/6420","targetHints":{"allow":["GET"]}}],"collection":[{"href":"https:\/\/www.agrupament.cat\/portal\/wp-json\/wp\/v2\/posts"}],"about":[{"href":"https:\/\/www.agrupament.cat\/portal\/wp-json\/wp\/v2\/types\/post"}],"author":[{"embeddable":true,"href":"https:\/\/www.agrupament.cat\/portal\/wp-json\/wp\/v2\/users\/4"}],"replies":[{"embeddable":true,"href":"https:\/\/www.agrupament.cat\/portal\/wp-json\/wp\/v2\/comments?post=6420"}],"version-history":[{"count":1,"href":"https:\/\/www.agrupament.cat\/portal\/wp-json\/wp\/v2\/posts\/6420\/revisions"}],"predecessor-version":[{"id":6422,"href":"https:\/\/www.agrupament.cat\/portal\/wp-json\/wp\/v2\/posts\/6420\/revisions\/6422"}],"wp:attachment":[{"href":"https:\/\/www.agrupament.cat\/portal\/wp-json\/wp\/v2\/media?parent=6420"}],"wp:term":[{"taxonomy":"category","embeddable":true,"href":"https:\/\/www.agrupament.cat\/portal\/wp-json\/wp\/v2\/categories?post=6420"},{"taxonomy":"post_tag","embeddable":true,"href":"https:\/\/www.agrupament.cat\/portal\/wp-json\/wp\/v2\/tags?post=6420"}],"curies":[{"name":"wp","href":"https:\/\/api.w.org\/{rel}","templated":true}]}}