{"id":6141,"date":"2010-01-28T13:09:20","date_gmt":"2010-01-28T12:09:20","guid":{"rendered":"http:\/\/www.agrupament.cat\/portal\/?p=6141"},"modified":"2010-02-01T13:09:40","modified_gmt":"2010-02-01T12:09:40","slug":"activitats-al-museu-ferrocarril-vilanova","status":"publish","type":"post","link":"https:\/\/www.agrupament.cat\/portal\/2010\/01\/activitats-al-museu-ferrocarril-vilanova\/","title":{"rendered":"Activitats al Museu Ferrocarril Vilanova"},"content":{"rendered":"<p>&#8211; El divendres 29 de gener s&#8217;obre al p\u00fablic una nova mostra a la sala d&#8217;exposicions temporals: Ferrocarril, paper moneda i medalles<\/p>\n<p>&#8211; El dimarts, 2 de febrer, el director gerent de la Fundaci\u00f3 -Jaime Barreiro-, inaugura a les 13.00 h l\u2019exposici\u00f3 antol\u00f2gica de les 23 edicions del Concurs fotogr\u00e0fic Caminos de Hierro.<br \/>\nUs envio la invitaci\u00f3 amb el desig de comptar, una vegada m\u00e9s, amb el teu suport i companyia.<br \/>\n<a href=\"http:\/\/www.agrupament.cat\/portal\/wp-content\/uploads\/2010\/02\/Invitacion_Caminos.jpg\"><img loading=\"lazy\" decoding=\"async\" class=\"aligncenter size-full wp-image-6142\" title=\"Invitacion_Caminos\" src=\"http:\/\/www.agrupament.cat\/portal\/wp-content\/uploads\/2010\/02\/Invitacion_Caminos.jpg\" alt=\"\" width=\"803\" height=\"377\" srcset=\"https:\/\/www.agrupament.cat\/portal\/wp-content\/uploads\/2010\/02\/Invitacion_Caminos.jpg 803w, https:\/\/www.agrupament.cat\/portal\/wp-content\/uploads\/2010\/02\/Invitacion_Caminos-300x140.jpg 300w\" sizes=\"auto, (max-width: 803px) 100vw, 803px\" \/><\/a><br \/>\n<a href=\"http:\/\/www.museudelferrocarril.org\/exp_temporales.htm\">Per a m\u00e9s informaci\u00f3<\/a><\/p>\n","protected":false},"excerpt":{"rendered":"<p>&#8211; El divendres 29 de gener s&#8217;obre al p\u00fablic una nova mostra a la sala d&#8217;exposicions temporals: Ferrocarril, paper moneda<\/p>\n","protected":false},"author":4,"featured_media":0,"comment_status":"closed","ping_status":"open","sticky":false,"template":"","format":"standard","meta":{"footnotes":""},"categories":[],"tags":[25,4],"class_list":["post-6141","post","type-post","status-publish","format-standard","hentry","tag-actes-congrtesosi-exposicions-fires-i-formacio","tag-funiculars-i-telecabines","comments-off"],"_links":{"self":[{"href":"https:\/\/www.agrupament.cat\/portal\/wp-json\/wp\/v2\/posts\/6141","targetHints":{"allow":["GET"]}}],"collection":[{"href":"https:\/\/www.agrupament.cat\/portal\/wp-json\/wp\/v2\/posts"}],"about":[{"href":"https:\/\/www.agrupament.cat\/portal\/wp-json\/wp\/v2\/types\/post"}],"author":[{"embeddable":true,"href":"https:\/\/www.agrupament.cat\/portal\/wp-json\/wp\/v2\/users\/4"}],"replies":[{"embeddable":true,"href":"https:\/\/www.agrupament.cat\/portal\/wp-json\/wp\/v2\/comments?post=6141"}],"version-history":[{"count":3,"href":"https:\/\/www.agrupament.cat\/portal\/wp-json\/wp\/v2\/posts\/6141\/revisions"}],"predecessor-version":[{"id":6145,"href":"https:\/\/www.agrupament.cat\/portal\/wp-json\/wp\/v2\/posts\/6141\/revisions\/6145"}],"wp:attachment":[{"href":"https:\/\/www.agrupament.cat\/portal\/wp-json\/wp\/v2\/media?parent=6141"}],"wp:term":[{"taxonomy":"category","embeddable":true,"href":"https:\/\/www.agrupament.cat\/portal\/wp-json\/wp\/v2\/categories?post=6141"},{"taxonomy":"post_tag","embeddable":true,"href":"https:\/\/www.agrupament.cat\/portal\/wp-json\/wp\/v2\/tags?post=6141"}],"curies":[{"name":"wp","href":"https:\/\/api.w.org\/{rel}","templated":true}]}}