{"id":5122,"date":"2009-09-27T09:32:30","date_gmt":"2009-09-27T08:32:30","guid":{"rendered":"http:\/\/www.agrupament.cat\/portal\/?p=5122"},"modified":"2009-09-27T09:32:30","modified_gmt":"2009-09-27T08:32:30","slug":"xlvii-congreso-de-la-federacion-espanola-de-asociaciones-de-amigos-del-ferrocarril","status":"publish","type":"post","link":"https:\/\/www.agrupament.cat\/portal\/2009\/09\/xlvii-congreso-de-la-federacion-espanola-de-asociaciones-de-amigos-del-ferrocarril\/","title":{"rendered":"XLVII Congreso de la Federaci\u00f3n Espa\u00f1ola de Asociaciones de Amigos del Ferrocarril"},"content":{"rendered":"<p><img loading=\"lazy\" decoding=\"async\" class=\"alignleft size-full wp-image-5123\" title=\"c2b7-feaaf\" src=\"http:\/\/www.agrupament.cat\/portal\/wp-content\/uploads\/2009\/09\/c2b7-feaaf.gif\" alt=\"c2b7-feaaf\" width=\"100\" height=\"114\" \/> <strong>Sevilla-Bah\u00eda de C\u00e1diz, 9 a 12 de octubre de 2009<\/strong><\/p>\n<p>Organizado por Asociaci\u00f3n Sevillana de Amigos del Ferrocarril con motivo de la celabraci\u00f3n de su 50\u00ba Aniversario, con la colaboraci\u00f3n de Asociaci\u00f3n Xerezana de Amigos del Ferrocarril<\/p>\n<p>Toda la informaci\u00f3n en: <a href=\"http:\/\/www.asafsevilla.org\/congreso.html\">Congreso FEAAF<\/a><\/p>\n","protected":false},"excerpt":{"rendered":"<p>Sevilla-Bah\u00eda de C\u00e1diz, 9 a 12 de octubre de 2009 Organizado por Asociaci\u00f3n Sevillana de Amigos del Ferrocarril con motivo<\/p>\n","protected":false},"author":4,"featured_media":0,"comment_status":"closed","ping_status":"open","sticky":false,"template":"","format":"standard","meta":{"footnotes":""},"categories":[],"tags":[25,3,21],"class_list":["post-5122","post","type-post","status-publish","format-standard","hentry","tag-actes-congrtesosi-exposicions-fires-i-formacio","tag-associacions-federacions-fundacions","tag-viatges","comments-off"],"_links":{"self":[{"href":"https:\/\/www.agrupament.cat\/portal\/wp-json\/wp\/v2\/posts\/5122","targetHints":{"allow":["GET"]}}],"collection":[{"href":"https:\/\/www.agrupament.cat\/portal\/wp-json\/wp\/v2\/posts"}],"about":[{"href":"https:\/\/www.agrupament.cat\/portal\/wp-json\/wp\/v2\/types\/post"}],"author":[{"embeddable":true,"href":"https:\/\/www.agrupament.cat\/portal\/wp-json\/wp\/v2\/users\/4"}],"replies":[{"embeddable":true,"href":"https:\/\/www.agrupament.cat\/portal\/wp-json\/wp\/v2\/comments?post=5122"}],"version-history":[{"count":1,"href":"https:\/\/www.agrupament.cat\/portal\/wp-json\/wp\/v2\/posts\/5122\/revisions"}],"predecessor-version":[{"id":5124,"href":"https:\/\/www.agrupament.cat\/portal\/wp-json\/wp\/v2\/posts\/5122\/revisions\/5124"}],"wp:attachment":[{"href":"https:\/\/www.agrupament.cat\/portal\/wp-json\/wp\/v2\/media?parent=5122"}],"wp:term":[{"taxonomy":"category","embeddable":true,"href":"https:\/\/www.agrupament.cat\/portal\/wp-json\/wp\/v2\/categories?post=5122"},{"taxonomy":"post_tag","embeddable":true,"href":"https:\/\/www.agrupament.cat\/portal\/wp-json\/wp\/v2\/tags?post=5122"}],"curies":[{"name":"wp","href":"https:\/\/api.w.org\/{rel}","templated":true}]}}