{"id":4523,"date":"2009-08-01T11:31:52","date_gmt":"2009-08-01T10:31:52","guid":{"rendered":"http:\/\/www.agrupament.cat\/portal\/?p=4523"},"modified":"2009-08-01T11:32:07","modified_gmt":"2009-08-01T10:32:07","slug":"amb-motiu-de-la-inauguracio-del-nou-estadi-del-rcd-espanyol-renfe-reforca-el-seu-servei-de-trens-des-de-cornella","status":"publish","type":"post","link":"https:\/\/www.agrupament.cat\/portal\/2009\/08\/amb-motiu-de-la-inauguracio-del-nou-estadi-del-rcd-espanyol-renfe-reforca-el-seu-servei-de-trens-des-de-cornella\/","title":{"rendered":"Amb motiu de la inauguraci\u00f3 del nou estadi del RCD Espanyol, Renfe refor\u00e7a el seu servei de trens des de Cornell\u00e0"},"content":{"rendered":"<p><strong><img loading=\"lazy\" decoding=\"async\" class=\"alignleft size-full wp-image-4525\" title=\"renferodalies04\" src=\"http:\/\/www.agrupament.cat\/portal\/wp-content\/uploads\/2009\/08\/renferodalies04.gif\" alt=\"renferodalies04\" width=\"94\" height=\"29\" \/>Renfe oferir\u00e0 5 trens addicionals en el trajecte Cornell\u00e0 \u2013 Barcelona Sants<\/strong><\/p>\n<p><strong>\u00b7Durant diumenge dia 2 d\u2019agost, per tal de facilitar la tornada del nou estadi de Cornell\u00e0 \u2013 El Prat,\u00a0 Renfe ampliar\u00e0 l\u2019horari dels trens de la l\u00ednia 4 fins les 00.30 hores <\/strong><\/p>\n<p>31-jul-09.- Durant diumenge dia 2 d\u2019agost, Renfe posar\u00e0 en circulaci\u00f3 cinc trens especials entre Cornell\u00e0 i Barcelona Sants amb motiu de la inauguraci\u00f3 del nou estadi del RCD Espanyol. Diumenge s\u2019espera una gran aflu\u00e8ncia de viatgers a la localitat ja que es disputa el primer partit de l\u2019equip blanc i blau en el nou estadi de Cornell\u00e0 \u2013 El Prat.<!--more-->Per tal de facilitar la tornada dels aficionats de l\u2019Espanyol al barcelon\u00e8s, els trens especials faran parada a totes les estacions i tindran sortida de Cornell\u00e0 (l\u00ednia 4 de Rodalies) a les 23.30 hores, a les 23.45 h, a les 23.57 hores, a les 00.15h i a les 00.30 hores. A m\u00e9s, el tren amb sortida de Cornell\u00e0 a les 23.57 hores, continuar\u00e0 recorregut fins a Matar\u00f3, i el tren que surt a les 23.45 hores, seguir\u00e0 el seu trajecte fins a Terrassa.<\/p>\n<p>Per a despla\u00e7ar-se des de Barcelona fins a Cornell\u00e0 els diumenges, els viatgers disposen dels trens de la l\u00ednia 4 de Rodalies, amb una freq\u00fc\u00e8ncia de pas de 20 minuts de mitjana i un temps de viatge de\u00a0 10 minuts.<\/p>\n<p>Per a m\u00e9s informaci\u00f3 els clients poden dirigir-se a les estacions, al tel\u00e8fon <strong>902 24 02 02<\/strong> i a la web <a href=\"www.renfe.com  \">www.renfe.com <\/a><\/p>\n","protected":false},"excerpt":{"rendered":"<p>Renfe oferir\u00e0 5 trens addicionals en el trajecte Cornell\u00e0 \u2013 Barcelona Sants \u00b7Durant diumenge dia 2 d\u2019agost, per tal de<\/p>\n","protected":false},"author":4,"featured_media":0,"comment_status":"closed","ping_status":"open","sticky":false,"template":"","format":"standard","meta":{"footnotes":""},"categories":[],"tags":[25,19],"class_list":["post-4523","post","type-post","status-publish","format-standard","hentry","tag-actes-congrtesosi-exposicions-fires-i-formacio","tag-infraestructures","comments-off"],"_links":{"self":[{"href":"https:\/\/www.agrupament.cat\/portal\/wp-json\/wp\/v2\/posts\/4523","targetHints":{"allow":["GET"]}}],"collection":[{"href":"https:\/\/www.agrupament.cat\/portal\/wp-json\/wp\/v2\/posts"}],"about":[{"href":"https:\/\/www.agrupament.cat\/portal\/wp-json\/wp\/v2\/types\/post"}],"author":[{"embeddable":true,"href":"https:\/\/www.agrupament.cat\/portal\/wp-json\/wp\/v2\/users\/4"}],"replies":[{"embeddable":true,"href":"https:\/\/www.agrupament.cat\/portal\/wp-json\/wp\/v2\/comments?post=4523"}],"version-history":[{"count":2,"href":"https:\/\/www.agrupament.cat\/portal\/wp-json\/wp\/v2\/posts\/4523\/revisions"}],"predecessor-version":[{"id":4527,"href":"https:\/\/www.agrupament.cat\/portal\/wp-json\/wp\/v2\/posts\/4523\/revisions\/4527"}],"wp:attachment":[{"href":"https:\/\/www.agrupament.cat\/portal\/wp-json\/wp\/v2\/media?parent=4523"}],"wp:term":[{"taxonomy":"category","embeddable":true,"href":"https:\/\/www.agrupament.cat\/portal\/wp-json\/wp\/v2\/categories?post=4523"},{"taxonomy":"post_tag","embeddable":true,"href":"https:\/\/www.agrupament.cat\/portal\/wp-json\/wp\/v2\/tags?post=4523"}],"curies":[{"name":"wp","href":"https:\/\/api.w.org\/{rel}","templated":true}]}}