{"id":450,"date":"2008-05-11T12:36:43","date_gmt":"2008-05-11T11:36:43","guid":{"rendered":"http:\/\/www.agrupament.cat\/portal\/?p=450"},"modified":"2009-04-10T09:39:05","modified_gmt":"2009-04-10T08:39:05","slug":"talgo-mes-enlla-d%e2%80%99una-marca-una-exposicio-al-museu-del-ferrocarril-mostra-l%e2%80%99evolucio-dels-talgos","status":"publish","type":"post","link":"https:\/\/www.agrupament.cat\/portal\/2008\/05\/talgo-mes-enlla-d%e2%80%99una-marca-una-exposicio-al-museu-del-ferrocarril-mostra-l%e2%80%99evolucio-dels-talgos\/","title":{"rendered":"Talgo, m\u00e9s enll\u00e0 d\u2019una marca &#8211; Una exposici\u00f3 al Museu del Ferrocarril mostra l\u2019evoluci\u00f3 dels Talgos"},"content":{"rendered":"<p>M\u00e9s d\u2019una vintena de maquetes de trens a diferents escales es poden veure a Vilanova i la Geltr\u00fa<br \/>\nEl proper divendres 9 de maig es presentar\u00e0 al Museu del Ferrocarril una exposici\u00f3 de maquetes de trens Talgo, en la que es pot descobrir la hist\u00f2ria d\u2019aquesta marca, sin\u00f2nim de qualitat ferrovi\u00e0ria, des de els seus or\u00edgens fins els nostres dies. <!--more-->La mostra, realitzada per l\u2019equip del Museu, ha esta possible per la cessi\u00f3 de maquetes de l\u2019empresa Electrotren-Hornby, tamb\u00e9 del grup de Patentes Talgo, S.A i de l\u2019empresa Elipsos Internacional. Una altra part correspon als fons que el propi Museu t\u00e9 d\u2019aquest tipus de material.<br \/>\nTalgo ha estat la m\u00e9s innovadora empresa ferrovi\u00e0ria espanyola, s\u00edmbol per la ciutadania de viatges de luxe i de progr\u00e9s en el transport del m\u00f3n contemporani. El Museu custodia diferents exemplars de vehicles Talgo, com la composici\u00f3 complerta (m\u00e0quina i cotxes) del Talgo II, un altre Talgo III que es guarda a les vies de Renfe a Can Tun\u00eds, una locomotora de la s\u00e8rie 353, o la locomotora de l\u2019entrada a les instal\u00b7lacions patrimonials, contextualitzada com si sort\u00eds del t\u00fanel de l\u2019Argentera.<br \/>\nA la mostra s\u2019exhibiran m\u00e9s d\u2019una vintena de models, principalment d\u2019escala H0 (la m\u00e9s com\u00fa en el m\u00f3n del modelisme ja que la seva mida \u00e9s la m\u00e9s adequada per ser reprodu\u00efda en detall a la vegada que pot muntar-se un circuit), per\u00f2 tamb\u00e9 s\u2019exhibiran maquetes de 1\/12, 1\/20, etc. Les\u00a0 reproduccions mostren l\u2019evoluci\u00f3 dels trens Talgo des del primer prototip, el Talgo I, fins els m\u00e9s evolucionats com s\u00f3n les actuals s\u00e8ries 102 i 130, que formen part del parc dels actuals trens d\u2019alta velocitat.<br \/>\nA la inauguraci\u00f3 de l\u2019exposici\u00f3 assistir\u00e0, entre d\u2019altres, el director d\u2019Exportaci\u00f3 i Marketing de Tago, Mario Oriol i el director de Electrotren-Hornby, Pablo Gonz\u00e1lez.<br \/>\nVilanova i la Geltr\u00fa, 5 de maig de 2008<\/p>\n","protected":false},"excerpt":{"rendered":"<p>M\u00e9s d\u2019una vintena de maquetes de trens a diferents escales es poden veure a Vilanova i la Geltr\u00fa El proper<\/p>\n","protected":false},"author":4,"featured_media":0,"comment_status":"closed","ping_status":"open","sticky":false,"template":"","format":"standard","meta":{"footnotes":""},"categories":[],"tags":[25,5],"class_list":["post-450","post","type-post","status-publish","format-standard","hentry","tag-actes-congrtesosi-exposicions-fires-i-formacio","tag-modelisme-i-accesoris","comments-off"],"_links":{"self":[{"href":"https:\/\/www.agrupament.cat\/portal\/wp-json\/wp\/v2\/posts\/450","targetHints":{"allow":["GET"]}}],"collection":[{"href":"https:\/\/www.agrupament.cat\/portal\/wp-json\/wp\/v2\/posts"}],"about":[{"href":"https:\/\/www.agrupament.cat\/portal\/wp-json\/wp\/v2\/types\/post"}],"author":[{"embeddable":true,"href":"https:\/\/www.agrupament.cat\/portal\/wp-json\/wp\/v2\/users\/4"}],"replies":[{"embeddable":true,"href":"https:\/\/www.agrupament.cat\/portal\/wp-json\/wp\/v2\/comments?post=450"}],"version-history":[{"count":2,"href":"https:\/\/www.agrupament.cat\/portal\/wp-json\/wp\/v2\/posts\/450\/revisions"}],"predecessor-version":[{"id":3057,"href":"https:\/\/www.agrupament.cat\/portal\/wp-json\/wp\/v2\/posts\/450\/revisions\/3057"}],"wp:attachment":[{"href":"https:\/\/www.agrupament.cat\/portal\/wp-json\/wp\/v2\/media?parent=450"}],"wp:term":[{"taxonomy":"category","embeddable":true,"href":"https:\/\/www.agrupament.cat\/portal\/wp-json\/wp\/v2\/categories?post=450"},{"taxonomy":"post_tag","embeddable":true,"href":"https:\/\/www.agrupament.cat\/portal\/wp-json\/wp\/v2\/tags?post=450"}],"curies":[{"name":"wp","href":"https:\/\/api.w.org\/{rel}","templated":true}]}}