{"id":4474,"date":"2009-07-31T07:25:22","date_gmt":"2009-07-31T06:25:22","guid":{"rendered":"http:\/\/www.agrupament.cat\/portal\/?p=4474"},"modified":"2009-07-31T07:44:22","modified_gmt":"2009-07-31T06:44:22","slug":"transport-public-al-nou-estadi-de-l%e2%80%99espanyol-reforc-de-servei-el-diumenge-2-d%e2%80%99agost-partit-rcd-espanyol-%e2%80%93-liverpool-fc","status":"publish","type":"post","link":"https:\/\/www.agrupament.cat\/portal\/2009\/07\/transport-public-al-nou-estadi-de-l%e2%80%99espanyol-reforc-de-servei-el-diumenge-2-d%e2%80%99agost-partit-rcd-espanyol-%e2%80%93-liverpool-fc\/","title":{"rendered":"Transport p\u00fablic al nou estadi de l\u2019Espanyol &#8211; Refor\u00e7 de servei el diumenge 2 d\u2019agost (partit RCD Espanyol \u2013 Liverpool FC)"},"content":{"rendered":"<p><strong><img loading=\"lazy\" decoding=\"async\" class=\"alignleft size-full wp-image-4477\" title=\"espanol\" src=\"http:\/\/www.agrupament.cat\/portal\/wp-content\/uploads\/2009\/07\/espanol.gif\" alt=\"espanol\" width=\"100\" height=\"100\" \/>Amb motiu de la inauguraci\u00f3 del nou estadi del RCD Espanyol de Cornell\u00e0 &#8211; El Prat, el proper diumenge dia 2 d\u2019agost, i per atendre les necessitats de mobilitat previstes a l\u2019\u00e0rea metropolitana de Barcelona, Transports Metropolitans de Barcelona (TMB) prolongar\u00e0 una hora el servei de tota la xarxa de metro. <\/strong><\/p>\n<p><strong><br \/>\nIgualment FGC i TramBaix<\/strong><!--more--><br \/>\n<img loading=\"lazy\" decoding=\"async\" class=\"alignleft size-full wp-image-4485\" title=\"logo_tmb1\" src=\"http:\/\/www.agrupament.cat\/portal\/wp-content\/uploads\/2009\/07\/logo_tmb1.gif\" alt=\"logo_tmb1\" width=\"42\" height=\"32\" \/>&#8211;<\/p>\n<p><strong>El Metro donar\u00e0 servei diumenge fins a la 1 de la matinada<\/strong><\/p>\n<p>Entre d\u2019altres alternatives de transport per arribar al nou estadi destaquem les seg\u00fcents:<\/p>\n<p>\u00b7\u00a0\u00a0\u00a0\u00a0\u00a0\u00a0\u00a0 Estaci\u00f3 de metro de Cornell\u00e0 Centre (L5) i continuar a peu.<br \/>\n\u00b7\u00a0\u00a0\u00a0\u00a0\u00a0\u00a0\u00a0 Accedir amb la xarxa de metro fins a pla\u00e7a Espanya (L\u00ednies 1 i 3), com a centre neur\u00e0lgic de comunicaci\u00f3, i enlla\u00e7ar amb els Ferrocarrils de la Generalitat fins a l\u2019estaci\u00f3 de Cornell\u00e0 Riera.<\/p>\n<p>Barcelona, 30 de juliol de 2009<\/p>\n<p><img loading=\"lazy\" decoding=\"async\" class=\"alignleft size-full wp-image-4486\" title=\"fgc022\" src=\"http:\/\/www.agrupament.cat\/portal\/wp-content\/uploads\/2009\/07\/fgc022.gif\" alt=\"fgc022\" width=\"96\" height=\"33\" \/> &#8211;<\/p>\n<p><strong>\u2022 Els combois doblaran la seva capacitat i circularan amb horari de dia feiner Barcelona, 30 de juliol de 2009<\/strong><br \/>\nAmb motiu del partit inaugural del nou Estadi de Cornell\u00e0 del RCD Espanyol, el proper diumenge 2 d\u2019agost de 2009, FGC refor\u00e7ar\u00e0 el seu servei al Metro del Baix Llobregat a partir de les 17,00 hores, per tal de facilitar l\u2019acc\u00e9s a l\u2019estadi i el trasllat dels aficionats.<br \/>\nRefor\u00e7 previst:<br \/>\n\u2022 A partir de les 17,00 h: Els trens de la l\u00ednia L8 (Mol\u00ed Nou) circularan amb el doble de la seva capacitat (2 unitats acoblades amb sis cotxes cadascuna).<br \/>\n\u2022 A partir de les 19,00 h: Els trens de la l\u00ednia S8 (Martorell) circularan amb el doble de la seva capacitat (2 unitats acoblades amb sis cotxes cadascuna).<br \/>\n\u2022 A partir de les 23,00 h i fins a les 00,30 h: Els trens de les l\u00ednies L8 (Mol\u00ed Nou) i S8 (Martorell) tindran una freq\u00fc\u00e8ncia de dia feiner i circularan amb el doble de la seva capacitat (2 unitats acoblades amb sis cotxes cadascuna).<br \/>\nRecomanacions per viatjar al nou estadi del RCD Espanyol de Barcelona amb FGC.<br \/>\n1. L\u2019estaci\u00f3 de les l\u00ednies d\u2019FGC m\u00e9s pr\u00f2xima a l\u2019estadi \u00e9s l\u2019estaci\u00f3 de Cornell\u00e0 Riera, a 6 minuts aproximadament.<br \/>\n2. Tots els trens de la l\u00ednia Llobregat &#8211; Anoia paren a l\u2019estaci\u00f3 de Cornell\u00e0 Riera, per tant, poden utilitzar qualsevol l\u00ednia.<br \/>\n3. A la sortida dels partits l\u2019Ajuntament de Cornell\u00e0, el RCD Espanyol i FGC, hauran preparat l\u2019acc\u00e9s a l\u2019estaci\u00f3 de forma ordenada per tal d\u2019evitar cap risc a l\u2019accedir a les andanes. \u00c9s important seguir les indicacions del personal del club, d\u2019FGC i de les forces de seguretat.<br \/>\n4. Per facilitar la flu\u00efdesa d\u2019acc\u00e9s als trens al finalitzar el partir, \u00e9s molt convenient que disposin del bitllet per avan\u00e7at. B\u00e9 amb la targeta T-10 o qualsevol t\u00edtol v\u00e0lid de transport.<\/p>\n<p><img loading=\"lazy\" decoding=\"async\" class=\"alignleft size-full wp-image-4487\" title=\"logo_cat1\" src=\"http:\/\/www.agrupament.cat\/portal\/wp-content\/uploads\/2009\/07\/logo_cat1.gif\" alt=\"logo_cat1\" width=\"133\" height=\"43\" \/> &#8211;<\/p>\n<p><strong>2 d&#8217;agost &#8211; Trambaix al Nou Camp de l&#8217;Espanyol<br \/>\n<\/strong><br \/>\nTrambaix refor\u00e7a el servei per facilitar els despla\u00e7aments al partit R.C.D. Espanyol &#8211; Liverpool F.C.<\/p>\n","protected":false},"excerpt":{"rendered":"<p>Amb motiu de la inauguraci\u00f3 del nou estadi del RCD Espanyol de Cornell\u00e0 &#8211; El Prat, el proper diumenge dia<\/p>\n","protected":false},"author":4,"featured_media":0,"comment_status":"closed","ping_status":"open","sticky":false,"template":"","format":"standard","meta":{"footnotes":""},"categories":[],"tags":[6,19],"class_list":["post-4474","post","type-post","status-publish","format-standard","hentry","tag-informacio-de-caracter-general","tag-infraestructures","comments-off"],"_links":{"self":[{"href":"https:\/\/www.agrupament.cat\/portal\/wp-json\/wp\/v2\/posts\/4474","targetHints":{"allow":["GET"]}}],"collection":[{"href":"https:\/\/www.agrupament.cat\/portal\/wp-json\/wp\/v2\/posts"}],"about":[{"href":"https:\/\/www.agrupament.cat\/portal\/wp-json\/wp\/v2\/types\/post"}],"author":[{"embeddable":true,"href":"https:\/\/www.agrupament.cat\/portal\/wp-json\/wp\/v2\/users\/4"}],"replies":[{"embeddable":true,"href":"https:\/\/www.agrupament.cat\/portal\/wp-json\/wp\/v2\/comments?post=4474"}],"version-history":[{"count":6,"href":"https:\/\/www.agrupament.cat\/portal\/wp-json\/wp\/v2\/posts\/4474\/revisions"}],"predecessor-version":[{"id":4483,"href":"https:\/\/www.agrupament.cat\/portal\/wp-json\/wp\/v2\/posts\/4474\/revisions\/4483"}],"wp:attachment":[{"href":"https:\/\/www.agrupament.cat\/portal\/wp-json\/wp\/v2\/media?parent=4474"}],"wp:term":[{"taxonomy":"category","embeddable":true,"href":"https:\/\/www.agrupament.cat\/portal\/wp-json\/wp\/v2\/categories?post=4474"},{"taxonomy":"post_tag","embeddable":true,"href":"https:\/\/www.agrupament.cat\/portal\/wp-json\/wp\/v2\/tags?post=4474"}],"curies":[{"name":"wp","href":"https:\/\/api.w.org\/{rel}","templated":true}]}}