{"id":4429,"date":"2009-07-18T10:44:42","date_gmt":"2009-07-18T09:44:42","guid":{"rendered":"http:\/\/www.agrupament.cat\/portal\/?p=4429"},"modified":"2009-08-01T13:39:29","modified_gmt":"2009-08-01T12:39:29","slug":"cambio-de-nombre-de-diversas-paradas-de-tmb-trambaix-y-fgc","status":"publish","type":"post","link":"https:\/\/www.agrupament.cat\/portal\/2009\/07\/cambio-de-nombre-de-diversas-paradas-de-tmb-trambaix-y-fgc\/","title":{"rendered":"Cambio de nombre de diversas paradas de TMB, TramBaix y FGC"},"content":{"rendered":"<p><strong><img loading=\"lazy\" decoding=\"async\" class=\"alignleft size-full wp-image-4550\" title=\"europapress\" src=\"http:\/\/www.agrupament.cat\/portal\/wp-content\/uploads\/2009\/07\/europapress.gif\" alt=\"europapress\" width=\"150\" height=\"60\" \/>(EUROPA PRESS) &#8211;\u00a0Barcelona, 17 Julio 2009.\u00a0<\/strong><\/p>\n<p><strong>\u00a0Barcelona tendr\u00e1 una parada de la L\u00ednea 9 del Metro denominada Camp Nou, cercana al estadio del FC Barcelona, seg\u00fan aprob\u00f3 hoy el Consejo de Administraci\u00f3n de la Autoritat del Transport Metropolit\u00e0 (ATM).<\/strong><\/p>\n<p>\u00a0ATM accedi\u00f3 as\u00ed a la petici\u00f3n del Ayuntamiento, que el pasado octubre acord\u00f3 reclamar a la entidad que la parada Campus Sud pasara a llamarse Camp Nou, a propuesta de CiU y con el \u00fanico voto en contra de ERC.<\/p>\n<p>\u00a0Seg\u00fan el calendario previsto por la autoridad del transporte, el tramo de la L\u00ednea 9 en el que estar\u00e1 situada la parada Camp Nou entrar\u00e1 en funcionamiento entre 2011 y 2012.<!--more-->Tambi\u00e9n acord\u00f3 cambiar el nombre de las paradas cercanas al Hospital de Sant Pau. El centro se ha trasladado a una nueva ubicaci\u00f3n, situada detr\u00e1s del recinto modernista, el cual iniciar\u00e1 un periodo de ocho a\u00f1os de obras, para acoger instituciones internacionales.<\/p>\n<p>Para facilitar la identificaci\u00f3n de las nuevas instalaciones del centro hospitalario, ATM decidi\u00f3 modificar la denominaci\u00f3n de la parada Hospital de Sant Pau de la L5, por Sant Pau\/Dos de Maig, y la estaci\u00f3n de la L4 Guinard\u00f3 pasar\u00e1 a llamarse Guinard\u00f3\/Hospital de Sant Pau.<\/p>\n<p>Esta ma\u00f1ana tambi\u00e9n se aprob\u00f3 el nombre de otras tres futuras estaciones ferroviarias, y el cambio de denominaci\u00f3n de siete paradas m\u00e1s.<\/p>\n<p>La entrada en vigor de los nuevos nombres se har\u00e1 coincidir con la inauguraci\u00f3n del primer tramo de la L9 &#8211;las estaciones entre Can Zam y Can Peixauet, en Santa Coloma de Gramanet&#8211;, en oto\u00f1o. De esa forma se evitar\u00e1 tener que cambiar dos veces toda la se\u00f1alizaci\u00f3n de la red ferroviaria.<\/p>\n<p>En la L9, la estaci\u00f3n que en el proyecto constructivo se conoc\u00eda como Sagrera-Meridiana, se llamar\u00e1 finalmente La Sagrera. El cambio obedece a la voluntad de ATM de que todas las estaciones que confluir\u00e1n en el nuevo intercambiador &#8211;L1, L4, L5, L9 y Cercan\u00edas&#8211; lleven el mismo nombre.<\/p>\n<p>La compa\u00f1\u00eda admiti\u00f3 una petici\u00f3n formal de las asociaciones de vecinos a la Generalitat para que las estaciones de transporte de la zona adquiriesen el nombre hist\u00f3rico del barrio.<\/p>\n<p>Por ese motivo, tambi\u00e9n las actuales estaciones de las l\u00edneas 1 y 5 denominadas Sagrera, pasar\u00e1n a llamarse La Sagrera en primavera de 2010, cuando el intercambiador comience a funcionar, todav\u00eda sin la estaci\u00f3n de la L\u00ednea 4 (prevista para 2013, seg\u00fan ATM) ni de Cercan\u00edas (que estar\u00e1 lista en 2011).<\/p>\n<p>En la L5 del Metro, entre Collblanc y Pubilla Cases, ya est\u00e1 en construcci\u00f3n la que ser\u00e1 la estaci\u00f3n Ernest Lluch, y en la L\u00ednea del Vall\u00e8s de los Ferrocarrils de la Generalitat (FGC), entre las paradas Sant Cugat y Hospital General, se situar\u00e1 la nueva Volpelleres.<\/p>\n<p>En la l\u00ednea T3 del Trambaix, la parada Sant Mart\u00ed de l&#8217;Erm se convertir\u00e1 en Hospital Sant Joan Desp\u00ed\/TV3, y tambi\u00e9n cambiar\u00e1n caracteres en los nombres de los estaciones de FGC cercanos a Montserrat, que eliminar\u00e1n abreviaturas &#8211;Olesa de M. pasar\u00e1 a Olesa de Montserrat&#8211; y se har\u00e1n m\u00e1s descriptivos &#8211;Montserrat\/Aeri se llamar\u00e1 Aeri de Montserrat-<\/p>\n<p>EL CAMBIO DE ROTULACI\u00d3N CUESTA UN MILL\u00d3N DE EUROS<\/p>\n<p>\u00a0En declaraciones a Europa Press, el director t\u00e9cnico de ATM, Marc Garc\u00eda, calcul\u00f3 que el coste que supondr\u00e1 cambiar la rotulaci\u00f3n en la red de transporte de toda la regi\u00f3n metropolitana ser\u00e1 cercano al mill\u00f3n de euros<\/p>\n","protected":false},"excerpt":{"rendered":"<p>(EUROPA PRESS) &#8211;\u00a0Barcelona, 17 Julio 2009.\u00a0 \u00a0Barcelona tendr\u00e1 una parada de la L\u00ednea 9 del Metro denominada Camp Nou, cercana<\/p>\n","protected":false},"author":4,"featured_media":0,"comment_status":"closed","ping_status":"open","sticky":false,"template":"","format":"standard","meta":{"footnotes":""},"categories":[],"tags":[4,6],"class_list":["post-4429","post","type-post","status-publish","format-standard","hentry","tag-funiculars-i-telecabines","tag-informacio-de-caracter-general","comments-off"],"_links":{"self":[{"href":"https:\/\/www.agrupament.cat\/portal\/wp-json\/wp\/v2\/posts\/4429","targetHints":{"allow":["GET"]}}],"collection":[{"href":"https:\/\/www.agrupament.cat\/portal\/wp-json\/wp\/v2\/posts"}],"about":[{"href":"https:\/\/www.agrupament.cat\/portal\/wp-json\/wp\/v2\/types\/post"}],"author":[{"embeddable":true,"href":"https:\/\/www.agrupament.cat\/portal\/wp-json\/wp\/v2\/users\/4"}],"replies":[{"embeddable":true,"href":"https:\/\/www.agrupament.cat\/portal\/wp-json\/wp\/v2\/comments?post=4429"}],"version-history":[{"count":3,"href":"https:\/\/www.agrupament.cat\/portal\/wp-json\/wp\/v2\/posts\/4429\/revisions"}],"predecessor-version":[{"id":4431,"href":"https:\/\/www.agrupament.cat\/portal\/wp-json\/wp\/v2\/posts\/4429\/revisions\/4431"}],"wp:attachment":[{"href":"https:\/\/www.agrupament.cat\/portal\/wp-json\/wp\/v2\/media?parent=4429"}],"wp:term":[{"taxonomy":"category","embeddable":true,"href":"https:\/\/www.agrupament.cat\/portal\/wp-json\/wp\/v2\/categories?post=4429"},{"taxonomy":"post_tag","embeddable":true,"href":"https:\/\/www.agrupament.cat\/portal\/wp-json\/wp\/v2\/tags?post=4429"}],"curies":[{"name":"wp","href":"https:\/\/api.w.org\/{rel}","templated":true}]}}