{"id":4395,"date":"2009-08-01T00:10:56","date_gmt":"2009-07-31T23:10:56","guid":{"rendered":"http:\/\/www.agrupament.cat\/portal\/?p=4395"},"modified":"2009-07-23T07:16:52","modified_gmt":"2009-07-23T06:16:52","slug":"trobada-de-vaporosos-al-circuit-de-l%e2%80%99estacio-de-castell-d%e2%80%99aro","status":"publish","type":"post","link":"https:\/\/www.agrupament.cat\/portal\/2009\/08\/trobada-de-vaporosos-al-circuit-de-l%e2%80%99estacio-de-castell-d%e2%80%99aro\/","title":{"rendered":"TROBADA DE VAPOROSOS AL CIRCUIT DE L\u2019ESTACI\u00d3 DE CASTELL D\u2019ARO"},"content":{"rendered":"<p><strong>DIUMENGE 9 D\u2019AGOST DE 2009<\/p>\n<p>L\u2019 associaci\u00f3 EL TRENET DE LA VALL D\u2019ARO us convida a participar el proper DIUMENGE 9 D\u2019AGOST DE 2009 a la seva trobada estiuenca, al circuit del Parc de l\u2019Estaci\u00f3 de Castell d\u2019Aro.<\/strong><\/p>\n<p>Al mat\u00ed, esmorzar ferroviari, l\u2019associaci\u00f3 convida als participants, despr\u00e9s circulacions fins l\u2019hora de dinar i despr\u00e9s fins que el cansament ens faci fora.<\/p>\n<p>Pel dinar caldr\u00e0 fer una aportaci\u00f3 de 6 euros per comensal per ajudar a la festa. La crisi tamb\u00e9 ha arribat als trens petits.<\/p>\n<p>Cal que els interessats en participar-hi ho feu saber al Quimet Hornos\u00a0 666 434 798 o a l\u2019e.mail\u00a0 jhornos@terra.es fins el 5 d\u2019agost.<\/p>\n","protected":false},"excerpt":{"rendered":"<p>DIUMENGE 9 D\u2019AGOST DE 2009 L\u2019 associaci\u00f3 EL TRENET DE LA VALL D\u2019ARO us convida a participar el proper DIUMENGE<\/p>\n","protected":false},"author":4,"featured_media":0,"comment_status":"closed","ping_status":"open","sticky":false,"template":"","format":"standard","meta":{"footnotes":""},"categories":[],"tags":[25,3],"class_list":["post-4395","post","type-post","status-publish","format-standard","hentry","tag-actes-congrtesosi-exposicions-fires-i-formacio","tag-associacions-federacions-fundacions","comments-off"],"_links":{"self":[{"href":"https:\/\/www.agrupament.cat\/portal\/wp-json\/wp\/v2\/posts\/4395","targetHints":{"allow":["GET"]}}],"collection":[{"href":"https:\/\/www.agrupament.cat\/portal\/wp-json\/wp\/v2\/posts"}],"about":[{"href":"https:\/\/www.agrupament.cat\/portal\/wp-json\/wp\/v2\/types\/post"}],"author":[{"embeddable":true,"href":"https:\/\/www.agrupament.cat\/portal\/wp-json\/wp\/v2\/users\/4"}],"replies":[{"embeddable":true,"href":"https:\/\/www.agrupament.cat\/portal\/wp-json\/wp\/v2\/comments?post=4395"}],"version-history":[{"count":2,"href":"https:\/\/www.agrupament.cat\/portal\/wp-json\/wp\/v2\/posts\/4395\/revisions"}],"predecessor-version":[{"id":4397,"href":"https:\/\/www.agrupament.cat\/portal\/wp-json\/wp\/v2\/posts\/4395\/revisions\/4397"}],"wp:attachment":[{"href":"https:\/\/www.agrupament.cat\/portal\/wp-json\/wp\/v2\/media?parent=4395"}],"wp:term":[{"taxonomy":"category","embeddable":true,"href":"https:\/\/www.agrupament.cat\/portal\/wp-json\/wp\/v2\/categories?post=4395"},{"taxonomy":"post_tag","embeddable":true,"href":"https:\/\/www.agrupament.cat\/portal\/wp-json\/wp\/v2\/tags?post=4395"}],"curies":[{"name":"wp","href":"https:\/\/api.w.org\/{rel}","templated":true}]}}