{"id":4251,"date":"2009-07-11T06:34:02","date_gmt":"2009-07-11T05:34:02","guid":{"rendered":"http:\/\/www.agrupament.cat\/portal\/?p=4251"},"modified":"2009-07-14T06:49:49","modified_gmt":"2009-07-14T05:49:49","slug":"la-targeta-t-12-inicia-la-seva-posada-en-marxa","status":"publish","type":"post","link":"https:\/\/www.agrupament.cat\/portal\/2009\/07\/la-targeta-t-12-inicia-la-seva-posada-en-marxa\/","title":{"rendered":"La targeta T-12 inicia la seva posada en marxa"},"content":{"rendered":"<p><img loading=\"lazy\" decoding=\"async\" class=\"alignleft size-full wp-image-4254\" title=\"atm-barcelona\" src=\"http:\/\/www.agrupament.cat\/portal\/wp-content\/uploads\/2009\/07\/atm-barcelona.gif\" alt=\"atm-barcelona\" width=\"197\" height=\"62\" \/><strong>\u00b7 A partir del 14 de setembre els nens de 4 a 12 anys podran utilitzar el nou t\u00edtol de transport<\/strong><\/p>\n<p><strong>\u00b7 A partir del 15 de juliol es podr\u00e0 tramitar l\u2019emissi\u00f3 de la targeta T-12, t\u00edtol de transport personal que ha d\u2019anar acompanyat del carnet d\u2019identitat<\/strong><\/p>\n<p>\u00b7 En la seva primera emissi\u00f3 la targeta tindr\u00e0 un per\u00edode de validesa de 16 mesos<\/p>\n<p><strong>Qu\u00e8 \u00e9s la targeta T-12?<\/strong><\/p>\n<p>El Consell d\u2019Administraci\u00f3 de l\u2019ATM de l\u20191 de desembre de 2008 va aprovar la creaci\u00f3 de la targeta T-12, que permet fer de forma gratu\u00efta un nombre il\u00b7limitat de despla\u00e7aments en els mitjans de transport integrats (Metro, FGC, Renfe Rodalies, Tramvia i Autobusos urbans i interurbans) durant el seu per\u00edode de validesa.<!--more-->\u00c9s un t\u00edtol de transport personalitzat amb el nom i el DNI\/passaport\/NIE del nen. Poden ser titulars d\u2019aquest nou t\u00edtol els 440.000 nens i nenes de l\u2019\u00e0mbit del Sistema Tarifari Integrat (253 municipis) que tinguin entre 4 i 12 anys (fins el 31 de desembre de l\u2019any que els compleixin).<\/p>\n<p>Es tracta d\u2019un t\u00edtol de transport d\u20191 zona, la zona tarif\u00e0ria del municipi on resideix el beneficiari, amb la qual cosa la nova targeta permetr\u00e0 cobrir els seus despla\u00e7aments quotidians.<\/p>\n<p><em><strong>En la seva primera emissi\u00f3, la nova targeta tindr\u00e0 un per\u00edode de validesa de 16 mesos.<\/strong><\/em><br \/>\n<img loading=\"lazy\" decoding=\"async\" class=\"aligncenter size-full wp-image-4252\" title=\"atm-t12-1c2aa-corona\" src=\"http:\/\/www.agrupament.cat\/portal\/wp-content\/uploads\/2009\/07\/atm-t12-1c2aa-corona.gif\" alt=\"atm-t12-1c2aa-corona\" width=\"516\" height=\"344\" srcset=\"https:\/\/www.agrupament.cat\/portal\/wp-content\/uploads\/2009\/07\/atm-t12-1c2aa-corona.gif 516w, https:\/\/www.agrupament.cat\/portal\/wp-content\/uploads\/2009\/07\/atm-t12-1c2aa-corona-300x200.gif 300w\" sizes=\"auto, (max-width: 516px) 100vw, 516px\" \/><\/p>\n<p><strong>La targeta T-12 facilita la mobilitat<br \/>\n<\/strong><br \/>\nL\u2019objectiu essencial de la nova targeta T-12 \u00e9s afavorir la mobilitat dels nens i nenes a trav\u00e9s de un t\u00edtol de transport gratu\u00eft, generant uns h\u00e0bits d\u2019utilitzaci\u00f3 quotidiana del transport p\u00fablic tant dels nens i nenes com dels pares\u00a0 o adults que els acompanyin i, d\u2019aquesta manera, aconseguir una mobilitat m\u00e9s sostenible.<\/p>\n<p>El sistema de gesti\u00f3 implantat a l\u2019\u00e0rea de Barcelona per l\u2019ATM i les diferents empreses de transport p\u00fablic permet tenir un coneixement detallat dels usos de les targetes T-12 que permetr\u00e0 establir pol\u00edtiques de fidelitzaci\u00f3 d\u2019aquests nous usuaris.<\/p>\n<p><strong>Com s\u2019ha de tramitar la sol\u00b7licitud?<\/strong><\/p>\n<p><img loading=\"lazy\" decoding=\"async\" class=\"alignleft size-full wp-image-4253\" title=\"atm-t12-provisional\" src=\"http:\/\/www.agrupament.cat\/portal\/wp-content\/uploads\/2009\/07\/atm-t12-provisional.jpg\" alt=\"atm-t12-provisional\" width=\"283\" height=\"185\" \/>Per tal d\u2019obtenir aquest nou t\u00edtol de transport, el pare, mare o tutor del beneficiari podr\u00e0 adre\u00e7ar-se als diferents punts de tramitaci\u00f3 de les sol\u00b7licituds o fins i tot, depenent del seu municipi de resid\u00e8ncia, la rebr\u00e0 a casa.<\/p>\n<p>Un cop fet el tr\u00e0mit i pagament corresponent, es lliurar\u00e0 un t\u00edtol T-12 provisional v\u00e0lid del 14 de setembre fins el 31 de desembre de 2009.<\/p>\n<p>El t\u00edtol definitiu, personalitzat, es lliurar\u00e0 mitjan\u00e7ant correu certificat al domicili del sol\u00b7licitant abans del 31 de desembre.<\/p>\n<p><strong>El cost d\u2019emissi\u00f3 i gesti\u00f3 de la targeta T-12 \u00e9s de 35 \u20ac (inclou IVA).<\/strong><\/p>\n<p>Per tal de facilitar aquestes gestions els diferents ajuntaments de l\u2019\u00e0mbit informaran al seu ciutad\u00e0 de l\u2019establiment d\u2019aquest nou t\u00edtol de transport i quines actuacions s\u2019han de realitzar per a la seva obtenci\u00f3.<\/p>\n<p>En l\u2019\u00e0mbit de la primera corona del Sistema Tarifari Integrat (18 municipis) l\u2019ens que realitzar\u00e0 totes les tasques de gesti\u00f3 i emissi\u00f3 de la nova targeta \u00e9s l\u2019EMT (Entitat Metropolitana del Transport), mentre que en la resta del Sistema Tarifari Integrat (235 municipis) l\u2019entitat gestora ser\u00e0 l\u2019AMTU (Agrupaci\u00f3 de Municipis amb Transport Urb\u00e0). Cadascuna d\u2019aquestes entitats comptar\u00e0 amb un sistema espec\u00edfic per gestionar la sol\u00b7licitud i l\u2019emissi\u00f3 d\u2019aquest nou t\u00edtol.<\/p>\n<p><strong>Sistema d\u2019emissi\u00f3 de la targeta T-12 en l\u2019\u00e0mbit de la primera corona del Sistema Tarifari Integrat<\/strong><\/p>\n<p>Tots els nens i nenes d\u2019aquests 18 municipis rebran a casa seva el fullet\u00f3 explicatiu de la targeta i els fulls de sol\u00b7licitud de la mateixa. Un cop emplenats gestionaran el seu pagament a trav\u00e9s de les oficines de Caixa Catalunya i en un sobre de resposta prefranquejat s\u2019enviar\u00e0 la sol\u00b7licitud emplenada i segellada per l\u2019entitat col\u00b7laboradora juntament amb la fotoc\u00f2pia del carnet d\u2019identitat a l\u2019apartat de correus establert.<\/p>\n<p>Aquesta tramitaci\u00f3 i pagament de sol\u00b7licitud tamb\u00e9 es pot realitzar a trav\u00e9s de la web www.emt.cat\/t-12.<\/p>\n<p>Un cop rebuda la sol\u00b7licitud s\u2019enviar\u00e0 al domicili del nen la targeta T-12 provisional.<\/p>\n<p>Sistema d\u2019emissi\u00f3 de la targeta T-12 en la resta de l\u2019\u00e0mbit del Sistema Tarifari Integrat (235 municipis)<\/p>\n<p>Els nens i nenes dels principals municipis de la segona corona metropolitana amb transport urb\u00e0, rebran a casa seva el fullet\u00f3 explicatiu i la sol\u00b7licitud de la mateixa.<\/p>\n<p>Un cop emplenats els fulls podr\u00e0 realitzar el pagament a trav\u00e9s del Servicaixa i enviar a l\u2019apartat de correus la sol\u00b7licitud, la fotoc\u00f2pia del carnet d\u2019identitat del nen i el comprovant de pagament de la T-12. Un cop rebuda la sol\u00b7licitud s\u2019enviar\u00e0 al domicili del nen\u00a0 la targeta T-12 provisional.<\/p>\n<p>Tamb\u00e9 es podr\u00e0 realitzar tota la tramitaci\u00f3 i pagament de la sol\u00b7licitud en les oficines d\u2019atenci\u00f3 a l\u2019usuari de les empreses de transport p\u00fablic, les estacions d\u2019autobusos i en els establiments de la xarxa comercial de Logista (estancs), que recolliran la documentaci\u00f3 (sol\u00b7licitud amb registre de pagament i fotoc\u00f2pia DNI del nen) i lliuraran la targeta T-12 provisional.<\/p>\n<p>Aquesta tramitaci\u00f3 i pagament de sol\u00b7licitud tamb\u00e9 es pot realitzar a trav\u00e9s de la web <a href=\"http:\/\/www.t-12.cat\">www.t-12.ca<\/a>t. Un cop rebuda la sol\u00b7licitud s\u2019enviar\u00e0 al domicili del nen\/a la targeta T-12 provisional.<\/p>\n<p><strong>La T-12 apunt<\/strong><\/p>\n<p>Per tal que les fam\u00edlies puguin tenir apunt la T-12 coincidint amb l\u2019inici del curs escolar 2009\/2010, ja a partir del proper 15 de juliol es podr\u00e0 tramitar l\u2019obtenci\u00f3 de la targeta T-12. <strong>El t\u00edtol de transport entrar\u00e0 en funcionament el dia 14 de setembre de 2009,<\/strong><\/p>\n<p>De forma pr\u00e8via a la posada en marxa d\u2019aquesta nova targeta, la totalitat d\u2019operadors de transport p\u00fablic integrats (70 empreses) modificaran els sistemes de validaci\u00f3 per acceptar aquest nou t\u00edtol de transport. Aquest, estar\u00e0 activat amb un bit de seguiment que permetr\u00e0 con\u00e8ixer el nombre de viatges realitzats, la freq\u00fc\u00e8ncia d\u2019\u00fas i els diferents modes de transport utilitzats.<\/p>\n<p>Barcelona, 10 de juliol de 2009<\/p>\n","protected":false},"excerpt":{"rendered":"<p>\u00b7 A partir del 14 de setembre els nens de 4 a 12 anys podran utilitzar el nou t\u00edtol de<\/p>\n","protected":false},"author":4,"featured_media":0,"comment_status":"closed","ping_status":"open","sticky":false,"template":"","format":"standard","meta":{"footnotes":""},"categories":[],"tags":[4,6,21],"class_list":["post-4251","post","type-post","status-publish","format-standard","hentry","tag-funiculars-i-telecabines","tag-informacio-de-caracter-general","tag-viatges","comments-off"],"_links":{"self":[{"href":"https:\/\/www.agrupament.cat\/portal\/wp-json\/wp\/v2\/posts\/4251","targetHints":{"allow":["GET"]}}],"collection":[{"href":"https:\/\/www.agrupament.cat\/portal\/wp-json\/wp\/v2\/posts"}],"about":[{"href":"https:\/\/www.agrupament.cat\/portal\/wp-json\/wp\/v2\/types\/post"}],"author":[{"embeddable":true,"href":"https:\/\/www.agrupament.cat\/portal\/wp-json\/wp\/v2\/users\/4"}],"replies":[{"embeddable":true,"href":"https:\/\/www.agrupament.cat\/portal\/wp-json\/wp\/v2\/comments?post=4251"}],"version-history":[{"count":3,"href":"https:\/\/www.agrupament.cat\/portal\/wp-json\/wp\/v2\/posts\/4251\/revisions"}],"predecessor-version":[{"id":4257,"href":"https:\/\/www.agrupament.cat\/portal\/wp-json\/wp\/v2\/posts\/4251\/revisions\/4257"}],"wp:attachment":[{"href":"https:\/\/www.agrupament.cat\/portal\/wp-json\/wp\/v2\/media?parent=4251"}],"wp:term":[{"taxonomy":"category","embeddable":true,"href":"https:\/\/www.agrupament.cat\/portal\/wp-json\/wp\/v2\/categories?post=4251"},{"taxonomy":"post_tag","embeddable":true,"href":"https:\/\/www.agrupament.cat\/portal\/wp-json\/wp\/v2\/tags?post=4251"}],"curies":[{"name":"wp","href":"https:\/\/api.w.org\/{rel}","templated":true}]}}