{"id":4228,"date":"2009-07-09T06:54:27","date_gmt":"2009-07-09T05:54:27","guid":{"rendered":"http:\/\/www.agrupament.cat\/portal\/?p=4228"},"modified":"2009-07-09T06:54:27","modified_gmt":"2009-07-09T05:54:27","slug":"centenars-d%e2%80%99assistents-a-la-mostra-de-vehicles-historics-de-tmb-al-triangle","status":"publish","type":"post","link":"https:\/\/www.agrupament.cat\/portal\/2009\/07\/centenars-d%e2%80%99assistents-a-la-mostra-de-vehicles-historics-de-tmb-al-triangle\/","title":{"rendered":"Centenars d\u2019assistents a la mostra de vehicles hist\u00f2rics de TMB al Triangle"},"content":{"rendered":"<p><strong><img loading=\"lazy\" decoding=\"async\" class=\"alignleft size-full wp-image-4229\" title=\"tmb014\" src=\"http:\/\/www.agrupament.cat\/portal\/wp-content\/uploads\/2009\/07\/tmb014.gif\" alt=\"tmb014\" width=\"82\" height=\"60\" \/>Centenars de persones han visitat aquest mat\u00ed la mostra de vehicles antics de la col\u00b7lecci\u00f3 de TMB, exposats al pati superior de la cotxera del Triangle, com a tast del que haur\u00e0 de ser el futur museu del transport, per al qual es busca actualment ubicaci\u00f3.<\/strong> La creaci\u00f3 d\u2019aquest museu ser\u00e0 un dels objectius de la fundaci\u00f3 que impulsa TMB per assegurar la preservaci\u00f3 i difusi\u00f3 del seu patrimoni hist\u00f2ric i cultural.<br \/>\n<!--more--><br \/>\nAl Trangle s\u2019hi han exposat set vehicles, quatre autobusos i tres tramvies. Els m\u00e9s admirats han estat l\u2019autob\u00fas Chausson 59, restaurat amb els colors de l\u2019antiga empresa Urbas, i el tramvia 867, que acaba de ser rehabilitat amb el m\u00e0xim detall.<\/p>\n<p><img loading=\"lazy\" decoding=\"async\" class=\"aligncenter size-full wp-image-4230\" title=\"muestrahtmljsp\" src=\"http:\/\/www.agrupament.cat\/portal\/wp-content\/uploads\/2009\/07\/muestrahtmljsp.jpg\" alt=\"muestrahtmljsp\" width=\"637\" height=\"439\" srcset=\"https:\/\/www.agrupament.cat\/portal\/wp-content\/uploads\/2009\/07\/muestrahtmljsp.jpg 637w, https:\/\/www.agrupament.cat\/portal\/wp-content\/uploads\/2009\/07\/muestrahtmljsp-300x206.jpg 300w\" sizes=\"auto, (max-width: 637px) 100vw, 637px\" \/>Barcelona, 8 de juliol de 2009<\/p>\n","protected":false},"excerpt":{"rendered":"<p>Centenars de persones han visitat aquest mat\u00ed la mostra de vehicles antics de la col\u00b7lecci\u00f3 de TMB, exposats al pati<\/p>\n","protected":false},"author":4,"featured_media":0,"comment_status":"closed","ping_status":"open","sticky":false,"template":"","format":"standard","meta":{"footnotes":""},"categories":[],"tags":[25,4],"class_list":["post-4228","post","type-post","status-publish","format-standard","hentry","tag-actes-congrtesosi-exposicions-fires-i-formacio","tag-funiculars-i-telecabines","comments-off"],"_links":{"self":[{"href":"https:\/\/www.agrupament.cat\/portal\/wp-json\/wp\/v2\/posts\/4228","targetHints":{"allow":["GET"]}}],"collection":[{"href":"https:\/\/www.agrupament.cat\/portal\/wp-json\/wp\/v2\/posts"}],"about":[{"href":"https:\/\/www.agrupament.cat\/portal\/wp-json\/wp\/v2\/types\/post"}],"author":[{"embeddable":true,"href":"https:\/\/www.agrupament.cat\/portal\/wp-json\/wp\/v2\/users\/4"}],"replies":[{"embeddable":true,"href":"https:\/\/www.agrupament.cat\/portal\/wp-json\/wp\/v2\/comments?post=4228"}],"version-history":[{"count":1,"href":"https:\/\/www.agrupament.cat\/portal\/wp-json\/wp\/v2\/posts\/4228\/revisions"}],"predecessor-version":[{"id":4231,"href":"https:\/\/www.agrupament.cat\/portal\/wp-json\/wp\/v2\/posts\/4228\/revisions\/4231"}],"wp:attachment":[{"href":"https:\/\/www.agrupament.cat\/portal\/wp-json\/wp\/v2\/media?parent=4228"}],"wp:term":[{"taxonomy":"category","embeddable":true,"href":"https:\/\/www.agrupament.cat\/portal\/wp-json\/wp\/v2\/categories?post=4228"},{"taxonomy":"post_tag","embeddable":true,"href":"https:\/\/www.agrupament.cat\/portal\/wp-json\/wp\/v2\/tags?post=4228"}],"curies":[{"name":"wp","href":"https:\/\/api.w.org\/{rel}","templated":true}]}}