{"id":4220,"date":"2009-07-08T22:42:40","date_gmt":"2009-07-08T21:42:40","guid":{"rendered":"http:\/\/www.agrupament.cat\/portal\/?p=4220"},"modified":"2009-07-09T06:48:13","modified_gmt":"2009-07-09T05:48:13","slug":"el-metro-garantira-la-mobilitat-durant-el-pas-del-tour-de-franca","status":"publish","type":"post","link":"https:\/\/www.agrupament.cat\/portal\/2009\/07\/el-metro-garantira-la-mobilitat-durant-el-pas-del-tour-de-franca\/","title":{"rendered":"El metro garantir\u00e0 la mobilitat durant el pas del Tour de Fran\u00e7a"},"content":{"rendered":"<p><img loading=\"lazy\" decoding=\"async\" class=\"alignleft size-full wp-image-4225\" title=\"tmb013\" src=\"http:\/\/www.agrupament.cat\/portal\/wp-content\/uploads\/2009\/07\/tmb013.gif\" alt=\"tmb013\" width=\"82\" height=\"60\" \/>\u00b7<strong> Entre 49 i 60 l\u00ednies d\u2019autobusos veuran afectat el seu recorregut dijous a la tarda i divendres al mat\u00ed<\/strong><\/p>\n<p><strong>Amb motiu del Tour de Fran\u00e7a, que arribar\u00e0 a Barcelona el proper dijous, dia 9 de juliol, per tornar a emprendre la marxa el divendres, dia 10 de juliol al mat\u00ed, entre 49 i 60 l\u00ednies d\u2019autob\u00fas es veuran afectades en el seu servei, entre les 14:30 i les 17:30 hores del dijous i entre les 8:30 i les 11:30 hores del mateix divendres.<\/strong> Per aquesta ra\u00f3, Transports Metropolitans de Barcelona (TMB) recomana la utilitzaci\u00f3 del metro durant aquestes hores i en aquells despla\u00e7aments a l\u2019entorn dels llocs per on transcorrer\u00e0 la competici\u00f3.<!--more--><\/p>\n<p>Els 13 quil\u00f2metres de recorregut d\u2019arribada de la sisena etapa del Tour de Fran\u00e7a a Barcelona, que dijous a la tarda afectar\u00e0 tot el tr\u00e0nsit de superf\u00edcie per on es desenvolupi, passar\u00e0 per la rambla de Guip\u00fascoa, c. Arag\u00f3, av. de Meridiana, c. del Consell de Cent, pg. de Sant Joan, pg. Llu\u00eds Companys, pg. de Pujades,\u00a0 pg. de Picasso, av. del Marqu\u00e8s de l\u2019Argentera, pg. d\u2019Isabel II, pg. de Colom, Pl. Portal de la Pau, pg. de Josep Carner, pl. de les Drassanes, av. del Paral\u00b7lel, pl. d\u2019Espanya, av. de Maria Cristina, av. del Marqu\u00e8s de Comillas, pl. de Sant Jordi, av. de l\u2019Estadi, amb la l\u00ednia d\u2019arribada a l\u2019Estadi Ol\u00edmpic Llu\u00eds Companys, Porta Marat\u00f3. Aquest pas del Tour afectar\u00e0, per tant, a 49 l\u00ednies d\u2019autob\u00fas, sobretot les que comuniquen mar i muntanya.<br \/>\n<img loading=\"lazy\" decoding=\"async\" class=\"aligncenter size-full wp-image-4222\" title=\"planell-arribada1\" src=\"http:\/\/www.agrupament.cat\/portal\/wp-content\/uploads\/2009\/07\/planell-arribada1.gif\" alt=\"planell-arribada1\" width=\"605\" height=\"166\" srcset=\"https:\/\/www.agrupament.cat\/portal\/wp-content\/uploads\/2009\/07\/planell-arribada1.gif 605w, https:\/\/www.agrupament.cat\/portal\/wp-content\/uploads\/2009\/07\/planell-arribada1-300x82.gif 300w\" sizes=\"auto, (max-width: 605px) 100vw, 605px\" \/><em>Recorregut del circuit urb\u00e0 de l\u2019arribada del Tour de Fran\u00e7a<br \/>\n<\/em><br \/>\nD\u2019altra banda, les restriccions de tr\u00e0nsit a la l\u00ednia de sortida de la setena etapa del Tour, el divendres al mat\u00ed, tindran una durada m\u00e9s curta. Aquest recorregut, de 9 quil\u00f2metres, afectar\u00e0 la Gran Via sentit entrada ciutat des del Llobregat, el Passeig de Gr\u00e0cia, l\u2019av. Diagonal, la Travessera de Dalt, Gran de Gr\u00e0cia i la B-20 entre les sortides 5 i 7, ambd\u00f3s sentits. Concretament, el recorregut passar\u00e0 per l\u2019av. Maria Cristina, la pla\u00e7a Espanya, l\u2019av. Paral\u00b7lel, la Ronda Sant Pau, Compte d\u2019Urgell, Gran Via de les Corts Catalanes, pg. de Gr\u00e0cia, pla\u00e7a Joan Carles I, Jardins Salvador Espriu, Gran de Gr\u00e0cia, pla\u00e7a Lesseps, av. Vallcarca, Ronda de Dalt i carretera de Sant Cugat, afectant aix\u00ed a 60 l\u00ednies d\u2019autob\u00fas, sobretot en sentit Bes\u00f2s-Llobregat i a la inversa.<br \/>\n<img loading=\"lazy\" decoding=\"async\" class=\"aligncenter size-full wp-image-4223\" title=\"planell-sortida\" src=\"http:\/\/www.agrupament.cat\/portal\/wp-content\/uploads\/2009\/07\/planell-sortida.gif\" alt=\"planell-sortida\" width=\"605\" height=\"163\" srcset=\"https:\/\/www.agrupament.cat\/portal\/wp-content\/uploads\/2009\/07\/planell-sortida.gif 605w, https:\/\/www.agrupament.cat\/portal\/wp-content\/uploads\/2009\/07\/planell-sortida-300x80.gif 300w\" sizes=\"auto, (max-width: 605px) 100vw, 605px\" \/>Recorregut de la sortida del Tour<\/p>\n<p>Aix\u00ed, amb motiu del Tour de Fran\u00e7a, l\u2019avinguda Maria Cristina estar\u00e0 tancada al tr\u00e0nsit rodat fins al 10 de juliol. TMB adaptar\u00e0 les mesures oportunes per desviar els vehicles de les l\u00ednies en funci\u00f3 de l\u2019afectaci\u00f3. Destacar que s\u2019ha establert un pla d\u2019informaci\u00f3 puntual en els autobusos afectats per tal que els usuaris coneguin la situaci\u00f3 dels serveis. No obstant, i per a m\u00e9s fiabilitat en els despla\u00e7aments, s\u2019aconsella la utilitzaci\u00f3 del metro.<br \/>\nBarcelona, 7 de juliol de 2009<\/p>\n","protected":false},"excerpt":{"rendered":"<p>\u00b7 Entre 49 i 60 l\u00ednies d\u2019autobusos veuran afectat el seu recorregut dijous a la tarda i divendres al mat\u00ed<\/p>\n","protected":false},"author":4,"featured_media":0,"comment_status":"closed","ping_status":"open","sticky":false,"template":"","format":"standard","meta":{"footnotes":""},"categories":[],"tags":[25,6],"class_list":["post-4220","post","type-post","status-publish","format-standard","hentry","tag-actes-congrtesosi-exposicions-fires-i-formacio","tag-informacio-de-caracter-general","comments-off"],"_links":{"self":[{"href":"https:\/\/www.agrupament.cat\/portal\/wp-json\/wp\/v2\/posts\/4220","targetHints":{"allow":["GET"]}}],"collection":[{"href":"https:\/\/www.agrupament.cat\/portal\/wp-json\/wp\/v2\/posts"}],"about":[{"href":"https:\/\/www.agrupament.cat\/portal\/wp-json\/wp\/v2\/types\/post"}],"author":[{"embeddable":true,"href":"https:\/\/www.agrupament.cat\/portal\/wp-json\/wp\/v2\/users\/4"}],"replies":[{"embeddable":true,"href":"https:\/\/www.agrupament.cat\/portal\/wp-json\/wp\/v2\/comments?post=4220"}],"version-history":[{"count":2,"href":"https:\/\/www.agrupament.cat\/portal\/wp-json\/wp\/v2\/posts\/4220\/revisions"}],"predecessor-version":[{"id":4227,"href":"https:\/\/www.agrupament.cat\/portal\/wp-json\/wp\/v2\/posts\/4220\/revisions\/4227"}],"wp:attachment":[{"href":"https:\/\/www.agrupament.cat\/portal\/wp-json\/wp\/v2\/media?parent=4220"}],"wp:term":[{"taxonomy":"category","embeddable":true,"href":"https:\/\/www.agrupament.cat\/portal\/wp-json\/wp\/v2\/categories?post=4220"},{"taxonomy":"post_tag","embeddable":true,"href":"https:\/\/www.agrupament.cat\/portal\/wp-json\/wp\/v2\/tags?post=4220"}],"curies":[{"name":"wp","href":"https:\/\/api.w.org\/{rel}","templated":true}]}}