{"id":4184,"date":"2009-07-08T00:37:33","date_gmt":"2009-07-07T23:37:33","guid":{"rendered":"http:\/\/www.agrupament.cat\/portal\/?p=4184"},"modified":"2009-07-09T06:27:57","modified_gmt":"2009-07-09T05:27:57","slug":"es-busca-ubicacio-per-al-museu-del-transport","status":"publish","type":"post","link":"https:\/\/www.agrupament.cat\/portal\/2009\/07\/es-busca-ubicacio-per-al-museu-del-transport\/","title":{"rendered":"Es busca ubicaci\u00f3 per al museu del transport"},"content":{"rendered":"<p><strong><img loading=\"lazy\" decoding=\"async\" class=\"alignleft size-full wp-image-4201\" title=\"tmb01\" src=\"http:\/\/www.agrupament.cat\/portal\/wp-content\/uploads\/2009\/07\/tmb01.gif\" alt=\"tmb01\" width=\"82\" height=\"60\" \/>Els \u00faltims anys TMB ha portat a terme directament la tasca de reagrupar i recuperar la seva col\u00b7lecci\u00f3 de vehicles \u2013part de la qual havia estat cedida a la Fundaci\u00f3 Museu del Transport de Castellar de n\u2019Hug\u2013, amb vista a donar contingut a un futur museu del transport i exposici\u00f3 permanent oberts al p\u00fablic, per als quals es busca ubicaci\u00f3 a Barcelona o el seu entorn immediat.<\/strong><\/p>\n<p>Entre els vehicles restaurats fins ara hi ha peces tan significatives com l\u2019autob\u00fas Chausson n\u00famero 59, representatiu de la renovaci\u00f3 del material m\u00f2bil als anys 50, i el tramvia n\u00famero 867, constru\u00eft per Macosa (Can Girona) el 1924 i que va estar en servei fins al 1967. La restauraci\u00f3 es fa seguint criteris hist\u00f2rics de m\u00e0xima fidelitat a l\u2019original i amb el suport de diversos experts, que continuaran vinculats a la Fundaci\u00f3 TMB integrant-se en el seu Consell Assessor.<!--more--><\/p>\n<p>Vessant de dinamitzaci\u00f3 cultural<\/p>\n<p>Junt amb la labor de recuperaci\u00f3, preservaci\u00f3 i divulgaci\u00f3 del patrimoni hist\u00f2ric i documental, la Fundaci\u00f3 TMB tindr\u00e0 un vessant de dinamitzador cultural, amb la missi\u00f3 de promoure el paper estructurador i cohesionador del transport p\u00fablic i subratllar els beneficis socials, ambientals i econ\u00f2mics de la mobilitat sostenible. Aix\u00ed, per exemple, podr\u00e0 organitzar i gestionar trobades, cursos, congressos i seminaris, promoure programes de formaci\u00f3 vinculats a l\u2019\u00e0mbit del transport p\u00fablic, concedir beques i ajudes destinades a l\u2019estudi i la recerca, aix\u00ed com atorgar premis, entre d\u2019altres activitats.<\/p>\n<p><img loading=\"lazy\" decoding=\"async\" class=\"aligncenter size-full wp-image-4186\" title=\"tmb-autobustramvia\" src=\"http:\/\/www.agrupament.cat\/portal\/wp-content\/uploads\/2009\/07\/tmb-autobustramvia.gif\" alt=\"tmb-autobustramvia\" width=\"605\" height=\"268\" srcset=\"https:\/\/www.agrupament.cat\/portal\/wp-content\/uploads\/2009\/07\/tmb-autobustramvia.gif 605w, https:\/\/www.agrupament.cat\/portal\/wp-content\/uploads\/2009\/07\/tmb-autobustramvia-300x132.gif 300w\" sizes=\"auto, (max-width: 605px) 100vw, 605px\" \/><\/p>\n<p>Mostra de vehicles antics al Triangle<\/p>\n<p>Mentre s\u2019enllesteixen els tr\u00e0mits per a la constituci\u00f3 formal de la Fundaci\u00f3, TMB vol mostrar al p\u00fablic per primera vegada una part del seu patrimoni, que \u00e9s alhora testimoni de l\u2019evoluci\u00f3 de la tecnologia de la mobilitat. Un total de set vehicles de la col\u00b7lecci\u00f3 seran exposats dem\u00e0 dimecres al pati annex del Centre Operatiu de Negoci (cotxera) de Triangle (vegeu el pl\u00e0nol adjunt), entre les 10 del mat\u00ed i les 2 de la tarda. Amb aquest motiu s\u2019ha editat el cat\u00e0leg\u00a0 Els vehicles hist\u00f2rics de TMB, que cont\u00e9 descripcions i fotografies de totes les peces de la col\u00b7lecci\u00f3, tant les restaurades com les que estan pendents de rehabilitaci\u00f3.<\/p>\n<p><strong>PER A L\u2019AGENDA<br \/>\n<\/strong><br \/>\nACTE:\u00a0\u00a0 <strong>Mostra de vehicles hist\u00f2rics de TMB<br \/>\n<\/strong>DIA:\u00a0\u00a0\u00a0\u00a0\u00a0\u00a0 Dimecres, 8 de juliol<\/p>\n<p>HORA:\u00a0\u00a0 De 10 a 14 hores<\/p>\n<p>LLOC:\u00a0\u00a0 Pati superior de la cotxera del Triangle Ferroviari. Entrada pel passatge del Torrent d\u2019Estadella<\/p>\n<p>TRANSPORT P\u00daBLIC: bus l\u00ednies 33 i 36<\/p>\n<p><img loading=\"lazy\" decoding=\"async\" class=\"aligncenter size-full wp-image-4187\" title=\"tmb-mapa-triangle\" src=\"http:\/\/www.agrupament.cat\/portal\/wp-content\/uploads\/2009\/07\/tmb-mapa-triangle.jpg\" alt=\"tmb-mapa-triangle\" width=\"387\" height=\"249\" srcset=\"https:\/\/www.agrupament.cat\/portal\/wp-content\/uploads\/2009\/07\/tmb-mapa-triangle.jpg 387w, https:\/\/www.agrupament.cat\/portal\/wp-content\/uploads\/2009\/07\/tmb-mapa-triangle-300x193.jpg 300w\" sizes=\"auto, (max-width: 387px) 100vw, 387px\" \/><\/p>\n","protected":false},"excerpt":{"rendered":"<p>Els \u00faltims anys TMB ha portat a terme directament la tasca de reagrupar i recuperar la seva col\u00b7lecci\u00f3 de vehicles<\/p>\n","protected":false},"author":4,"featured_media":0,"comment_status":"closed","ping_status":"open","sticky":false,"template":"","format":"standard","meta":{"footnotes":""},"categories":[],"tags":[25,4],"class_list":["post-4184","post","type-post","status-publish","format-standard","hentry","tag-actes-congrtesosi-exposicions-fires-i-formacio","tag-funiculars-i-telecabines","comments-off"],"_links":{"self":[{"href":"https:\/\/www.agrupament.cat\/portal\/wp-json\/wp\/v2\/posts\/4184","targetHints":{"allow":["GET"]}}],"collection":[{"href":"https:\/\/www.agrupament.cat\/portal\/wp-json\/wp\/v2\/posts"}],"about":[{"href":"https:\/\/www.agrupament.cat\/portal\/wp-json\/wp\/v2\/types\/post"}],"author":[{"embeddable":true,"href":"https:\/\/www.agrupament.cat\/portal\/wp-json\/wp\/v2\/users\/4"}],"replies":[{"embeddable":true,"href":"https:\/\/www.agrupament.cat\/portal\/wp-json\/wp\/v2\/comments?post=4184"}],"version-history":[{"count":4,"href":"https:\/\/www.agrupament.cat\/portal\/wp-json\/wp\/v2\/posts\/4184\/revisions"}],"predecessor-version":[{"id":4202,"href":"https:\/\/www.agrupament.cat\/portal\/wp-json\/wp\/v2\/posts\/4184\/revisions\/4202"}],"wp:attachment":[{"href":"https:\/\/www.agrupament.cat\/portal\/wp-json\/wp\/v2\/media?parent=4184"}],"wp:term":[{"taxonomy":"category","embeddable":true,"href":"https:\/\/www.agrupament.cat\/portal\/wp-json\/wp\/v2\/categories?post=4184"},{"taxonomy":"post_tag","embeddable":true,"href":"https:\/\/www.agrupament.cat\/portal\/wp-json\/wp\/v2\/tags?post=4184"}],"curies":[{"name":"wp","href":"https:\/\/api.w.org\/{rel}","templated":true}]}}