{"id":4096,"date":"2009-06-30T19:15:54","date_gmt":"2009-06-30T18:15:54","guid":{"rendered":"http:\/\/www.agrupament.cat\/portal\/?p=4096"},"modified":"2009-06-30T19:15:54","modified_gmt":"2009-06-30T18:15:54","slug":"renfe-i-la-llibreria-de-viatges-altair-convoquen-un-concurs-de-relats","status":"publish","type":"post","link":"https:\/\/www.agrupament.cat\/portal\/2009\/06\/renfe-i-la-llibreria-de-viatges-altair-convoquen-un-concurs-de-relats\/","title":{"rendered":"Renfe i la llibreria de viatges Alta\u00efr convoquen un Concurs de Relats"},"content":{"rendered":"<p><strong><img loading=\"lazy\" decoding=\"async\" class=\"alignleft size-full wp-image-4097\" title=\"renfe014\" src=\"http:\/\/www.agrupament.cat\/portal\/wp-content\/uploads\/2009\/06\/renfe014.gif\" alt=\"renfe014\" width=\"120\" height=\"46\" \/>\u00b7\u00a0\u00a0\u00a0\u00a0\u00a0 S\u2019obsequiar\u00e0 al guanyador amb un bitllet InterRail Global Pass de 1\u00aa classe de 22 dies, per a 2 persones i sense l\u00edmit d\u2019edat<\/strong><\/p>\n<p><strong>\u00b7\u00a0\u00a0\u00a0\u00a0\u00a0 Els relats es poden enviar fins el 15 de juliol a les 12 hores<\/strong>.<\/p>\n<p><strong><img loading=\"lazy\" decoding=\"async\" class=\"alignleft size-full wp-image-4099\" title=\"altair-blog\" src=\"http:\/\/www.agrupament.cat\/portal\/wp-content\/uploads\/2009\/06\/altair-blog.jpg\" alt=\"altair-blog\" width=\"170\" height=\"37\" \/>\u00b7\u00a0\u00a0\u00a0\u00a0\u00a0 El guanyador ser\u00e0 escollit per votaci\u00f3 popular entre els lectors del blog <\/strong><a href=\"http:\/\/www.altairblog.com\"><strong>www.altairblog.com<\/strong><\/a><\/p>\n<p>30-jun-09.- Renfe i la llibreria especialitzada de viatges Alta\u00efr, convoquen un concurs de relats de tema lliure a condici\u00f3 que es desenvolupi en un dels pa\u00efsos europeus que formen part de la oferta InterRail, aix\u00ed com una menci\u00f3 de les paraules \u201ctren\u201d i \u201cInterRail\u201d.<!--more--><\/p>\n<p>El guanyador del Concurs de Relats rebr\u00e0 com a premi un passi InterRail Global Pass doble de 1a classe i podr\u00e0 viatjar 22 dies, sense l\u00edmit d\u2019edat. El passi global permet viatjar per tots els pa\u00efsos d\u2019Europa adscrits a InterRail. Les bases i informaci\u00f3 del concurs es poden trobar al blog <a href=\"http:\/\/www.altairblog.com\">www.altairblog.com<\/a> i es poden enviar els relats fins el 15 de juliol a les 12 hores. El guanyador ser\u00e0 escollit per votaci\u00f3 popular entre els lectors del blog, on es recolliran les votacions des del dia 16 fins les 12.00h del 24 de juliol.<\/p>\n<p>Renfe va vendre 3.072 passis InterRail a Catalunya durant l\u2019any passat, el que va representar el 16,28% del total de bitllets adquirits a Espanya. Durant 2008, Catalunya es va consolidar com la segona comunitat en la venda de passis InterRail<\/p>\n<p>Per a m\u00e9s informaci\u00f3 relacionada amb InterRail (preus, rutes, etc&#8230;) es pot consultar el web <a href=\"http:\/\/www.renfe.es\/interrail\">www.renfe.es\/interrail<\/a> o el site oficial: <a href=\"http:\/\/www.interrailnet.com\">www.interrailnet.com<\/a> .<\/p>\n","protected":false},"excerpt":{"rendered":"<p>\u00b7\u00a0\u00a0\u00a0\u00a0\u00a0 S\u2019obsequiar\u00e0 al guanyador amb un bitllet InterRail Global Pass de 1\u00aa classe de 22 dies, per a 2 persones<\/p>\n","protected":false},"author":4,"featured_media":0,"comment_status":"closed","ping_status":"open","sticky":false,"template":"","format":"standard","meta":{"footnotes":""},"categories":[],"tags":[25,26],"class_list":["post-4096","post","type-post","status-publish","format-standard","hentry","tag-actes-congrtesosi-exposicions-fires-i-formacio","tag-publicacions-publicaciones-diris-diarios-revistes-revistas-llibres-libros-tv","comments-off"],"_links":{"self":[{"href":"https:\/\/www.agrupament.cat\/portal\/wp-json\/wp\/v2\/posts\/4096","targetHints":{"allow":["GET"]}}],"collection":[{"href":"https:\/\/www.agrupament.cat\/portal\/wp-json\/wp\/v2\/posts"}],"about":[{"href":"https:\/\/www.agrupament.cat\/portal\/wp-json\/wp\/v2\/types\/post"}],"author":[{"embeddable":true,"href":"https:\/\/www.agrupament.cat\/portal\/wp-json\/wp\/v2\/users\/4"}],"replies":[{"embeddable":true,"href":"https:\/\/www.agrupament.cat\/portal\/wp-json\/wp\/v2\/comments?post=4096"}],"version-history":[{"count":1,"href":"https:\/\/www.agrupament.cat\/portal\/wp-json\/wp\/v2\/posts\/4096\/revisions"}],"predecessor-version":[{"id":4100,"href":"https:\/\/www.agrupament.cat\/portal\/wp-json\/wp\/v2\/posts\/4096\/revisions\/4100"}],"wp:attachment":[{"href":"https:\/\/www.agrupament.cat\/portal\/wp-json\/wp\/v2\/media?parent=4096"}],"wp:term":[{"taxonomy":"category","embeddable":true,"href":"https:\/\/www.agrupament.cat\/portal\/wp-json\/wp\/v2\/categories?post=4096"},{"taxonomy":"post_tag","embeddable":true,"href":"https:\/\/www.agrupament.cat\/portal\/wp-json\/wp\/v2\/tags?post=4096"}],"curies":[{"name":"wp","href":"https:\/\/api.w.org\/{rel}","templated":true}]}}