{"id":4057,"date":"2009-06-28T06:24:37","date_gmt":"2009-06-28T05:24:37","guid":{"rendered":"http:\/\/www.agrupament.cat\/portal\/?p=4057"},"modified":"2009-06-28T07:22:50","modified_gmt":"2009-06-28T06:22:50","slug":"iii-trobada-de-moduls-de-sant-vicenc-de-castellet-2009-xxii-trobada-de-moduls-fcaf","status":"publish","type":"post","link":"https:\/\/www.agrupament.cat\/portal\/2009\/06\/iii-trobada-de-moduls-de-sant-vicenc-de-castellet-2009-xxii-trobada-de-moduls-fcaf\/","title":{"rendered":"III Trobada de M\u00f2duls de Sant Vicen\u00e7 de Castellet (2009) &#8211; XXII Trobada de M\u00f2duls FCAF"},"content":{"rendered":"<p><strong><img loading=\"lazy\" decoding=\"async\" class=\"alignleft size-full wp-image-4059\" title=\"sant-vicenc-castellet\" src=\"http:\/\/www.agrupament.cat\/portal\/wp-content\/uploads\/2009\/06\/sant-vicenc-castellet.jpg\" alt=\"sant-vicenc-castellet\" width=\"165\" height=\"168\" \/><img loading=\"lazy\" decoding=\"async\" class=\"alignleft size-full wp-image-4060\" title=\"fcaf\" src=\"http:\/\/www.agrupament.cat\/portal\/wp-content\/uploads\/2009\/06\/fcaf.png\" alt=\"fcaf\" width=\"197\" height=\"96\" \/>DATA: Dissabte, 4 de juliol de 2009\u00a0\u00a0 &#8211;\u00a0\u00a0 Diumenge, 5 de juliol de 2009\u00a0 <\/strong><\/p>\n<p><strong>DESCRIPCI\u00d3: III Trobada de M\u00f2duls de Sant Vicen\u00e7 de Castellet i Festa del Modelisme Ferroviari<\/strong>. S&#8217;aprofitar\u00e0 el cap de setmana per tal de realitzar els actes de cel\u00b7lebraci\u00f3 del 150\u00e8 aniversari de l&#8217;arribada del ferrocarril de via ampla a Sant Vicen\u00e7 de Castellet.<\/p>\n<p>El lloc on es portaran a terme els actes ser\u00e0 el Poliesportiu de Sant Vicen\u00e7, al costat de la Piscina Municipal.<!--more-->L&#8217;horari de les activitats programades per a aquests dos dies \u00e9s el seg\u00fcent:<br \/>\n<strong>Dissabte 4: 11:00 a 14:00 \/ 17:00 a 20:00<\/strong><\/p>\n<p><strong>Diumenge 5: 11:00 a 14:00 \/ 17:00 a 19:00<br \/>\n<img loading=\"lazy\" decoding=\"async\" class=\"aligncenter size-full wp-image-4058\" title=\"sant-vicenc-de-castellet-2009\" src=\"http:\/\/www.agrupament.cat\/portal\/wp-content\/uploads\/2009\/06\/sant-vicenc-de-castellet-2009.jpg\" alt=\"sant-vicenc-de-castellet-2009\" width=\"500\" height=\"727\" srcset=\"https:\/\/www.agrupament.cat\/portal\/wp-content\/uploads\/2009\/06\/sant-vicenc-de-castellet-2009.jpg 500w, https:\/\/www.agrupament.cat\/portal\/wp-content\/uploads\/2009\/06\/sant-vicenc-de-castellet-2009-206x300.jpg 206w\" sizes=\"auto, (max-width: 500px) 100vw, 500px\" \/><\/strong><\/p>\n","protected":false},"excerpt":{"rendered":"<p>DATA: Dissabte, 4 de juliol de 2009\u00a0\u00a0 &#8211;\u00a0\u00a0 Diumenge, 5 de juliol de 2009\u00a0 DESCRIPCI\u00d3: III Trobada de M\u00f2duls de<\/p>\n","protected":false},"author":4,"featured_media":0,"comment_status":"closed","ping_status":"open","sticky":false,"template":"","format":"standard","meta":{"footnotes":""},"categories":[],"tags":[25,3],"class_list":["post-4057","post","type-post","status-publish","format-standard","hentry","tag-actes-congrtesosi-exposicions-fires-i-formacio","tag-associacions-federacions-fundacions","comments-off"],"_links":{"self":[{"href":"https:\/\/www.agrupament.cat\/portal\/wp-json\/wp\/v2\/posts\/4057","targetHints":{"allow":["GET"]}}],"collection":[{"href":"https:\/\/www.agrupament.cat\/portal\/wp-json\/wp\/v2\/posts"}],"about":[{"href":"https:\/\/www.agrupament.cat\/portal\/wp-json\/wp\/v2\/types\/post"}],"author":[{"embeddable":true,"href":"https:\/\/www.agrupament.cat\/portal\/wp-json\/wp\/v2\/users\/4"}],"replies":[{"embeddable":true,"href":"https:\/\/www.agrupament.cat\/portal\/wp-json\/wp\/v2\/comments?post=4057"}],"version-history":[{"count":2,"href":"https:\/\/www.agrupament.cat\/portal\/wp-json\/wp\/v2\/posts\/4057\/revisions"}],"predecessor-version":[{"id":4078,"href":"https:\/\/www.agrupament.cat\/portal\/wp-json\/wp\/v2\/posts\/4057\/revisions\/4078"}],"wp:attachment":[{"href":"https:\/\/www.agrupament.cat\/portal\/wp-json\/wp\/v2\/media?parent=4057"}],"wp:term":[{"taxonomy":"category","embeddable":true,"href":"https:\/\/www.agrupament.cat\/portal\/wp-json\/wp\/v2\/categories?post=4057"},{"taxonomy":"post_tag","embeddable":true,"href":"https:\/\/www.agrupament.cat\/portal\/wp-json\/wp\/v2\/tags?post=4057"}],"curies":[{"name":"wp","href":"https:\/\/api.w.org\/{rel}","templated":true}]}}