{"id":39624,"date":"2026-04-26T15:01:32","date_gmt":"2026-04-26T14:01:32","guid":{"rendered":"https:\/\/www.agrupament.cat\/portal\/?p=39624"},"modified":"2026-04-26T15:01:32","modified_gmt":"2026-04-26T14:01:32","slug":"ferrocarrils-millorara-la-proteccio-contra-despreniments-a-un-vessant-de-la-linia-lleida-la-pobla-de-segur","status":"publish","type":"post","link":"https:\/\/www.agrupament.cat\/portal\/2026\/04\/ferrocarrils-millorara-la-proteccio-contra-despreniments-a-un-vessant-de-la-linia-lleida-la-pobla-de-segur\/","title":{"rendered":"Ferrocarrils millorar\u00e0 la protecci\u00f3 contra despreniments a un vessant de la l\u00ednia Lleida-La Pobla de Segur"},"content":{"rendered":"<p>L\u2019actuaci\u00f3 es dur\u00e0 a terme al baixador de Santa Linya<br \/>\n<strong>Un cop finalitzats els treballs, FGC haur\u00e0 actuat en la millora de la protecci\u00f3 de 16 quil\u00f2metres de talussos i vessants de la l\u00ednia Lleida-La Pobla de Segur.<\/strong><\/p>\n<p>Ferrocarrils de la Generalitat de Catalunya (FGC) ha adjudicat avui els treballs per a la millora de la protecci\u00f3 contra despreniments al vessant 3 de la l\u00ednia Lleida-La Pobla de Segur, al baixador de Santa Linya, al terme municipal de Les Avellanes i Santa Linya (Noguera).<\/p>\n<p>Concretament, s\u2019hi instal\u00b7lar\u00e0 una barrera din\u00e0mica de 4 metres d\u2019al\u00e7ada i 50 metres de longitud per aturar la caiguda de roques, amb una capacitat d\u2019absorci\u00f3 d\u2019energia de fins a 1.500 kJ. A m\u00e9s, al tal\u00fas de sota el vessant s\u2019hi instal\u00b7laran 1.450m2 de malla de triple torsi\u00f3 adossada al tal\u00fas amb un refor\u00e7 d\u2019ancoratge i un lligat de cable d\u2019acer de 12mm.<\/p>\n<p>Els treballs, que s\u2019han adjudicat a Tratamiento, Acondicionamiento de Laderas y Obras, S.A. per un import de 154.000 euros (abans d\u2019IVA), tindran un termini d\u2019execuci\u00f3 de 19 setmanes.<\/p>\n<p>Amb aquesta actuaci\u00f3, Ferrocarrils haur\u00e0 actuat en la millora de la protecci\u00f3 de 16 quil\u00f2metres de talussos i vessants de la l\u00ednia des que en va assumir la titularitat, amb diferents actuacions d\u2019estabilitzaci\u00f3 i d\u2019instal\u00b7laci\u00f3 de barreres. Les obres s\u2019emmarquen dins del constant proc\u00e9s de manteniment i renovaci\u00f3 de les infraestructures que Ferrocarrils duu a terme amb l\u2019objectiu d\u2019assegurar la robustesa de les instal\u00b7lacions i la fiabilitat i la puntualitat de les circulacions.<\/p>\n<p><strong>M\u00e9s de 90 milions d\u2019inversi\u00f3 a la l\u00ednia Lleida-La Pobla de Segur des del 2016<\/strong><br \/>\nLes obres d\u2019instal\u00b7laci\u00f3 de barreres din\u00e0miques formen part del pla d\u2019actuacions de Ferrocarrils a la l\u00ednia Lleida-La Pobla de Segur, que preveu intervencions en talussos, t\u00fanels, vessants, ponts, vies i enclavaments, a banda de la supressi\u00f3 de passos a nivell. En total, des que Ferrocarrils en va assumir el servei l\u2019any 2016, ha invertit m\u00e9s de 90 milions d\u2019euros en aquesta l\u00ednia.<\/p>\n<p>&nbsp;<\/p>\n","protected":false},"excerpt":{"rendered":"<p>L\u2019actuaci\u00f3 es dur\u00e0 a terme al baixador de Santa Linya Un cop finalitzats els treballs, FGC haur\u00e0 actuat en la<\/p>\n","protected":false},"author":4,"featured_media":39625,"comment_status":"closed","ping_status":"open","sticky":false,"template":"","format":"standard","meta":{"footnotes":""},"categories":[818],"tags":[1742,47,19,133],"class_list":["post-39624","post","type-post","status-publish","format-standard","has-post-thumbnail","hentry","category-notes-de-premsa","tag-barreres-talusos","tag-fgc-ferrocarrils-de-la-generalitat-de-catalunya","tag-infraestructures","tag-linea-lleida-pobla-de-segur","comments-off"],"_links":{"self":[{"href":"https:\/\/www.agrupament.cat\/portal\/wp-json\/wp\/v2\/posts\/39624","targetHints":{"allow":["GET"]}}],"collection":[{"href":"https:\/\/www.agrupament.cat\/portal\/wp-json\/wp\/v2\/posts"}],"about":[{"href":"https:\/\/www.agrupament.cat\/portal\/wp-json\/wp\/v2\/types\/post"}],"author":[{"embeddable":true,"href":"https:\/\/www.agrupament.cat\/portal\/wp-json\/wp\/v2\/users\/4"}],"replies":[{"embeddable":true,"href":"https:\/\/www.agrupament.cat\/portal\/wp-json\/wp\/v2\/comments?post=39624"}],"version-history":[{"count":1,"href":"https:\/\/www.agrupament.cat\/portal\/wp-json\/wp\/v2\/posts\/39624\/revisions"}],"predecessor-version":[{"id":39626,"href":"https:\/\/www.agrupament.cat\/portal\/wp-json\/wp\/v2\/posts\/39624\/revisions\/39626"}],"wp:featuredmedia":[{"embeddable":true,"href":"https:\/\/www.agrupament.cat\/portal\/wp-json\/wp\/v2\/media\/39625"}],"wp:attachment":[{"href":"https:\/\/www.agrupament.cat\/portal\/wp-json\/wp\/v2\/media?parent=39624"}],"wp:term":[{"taxonomy":"category","embeddable":true,"href":"https:\/\/www.agrupament.cat\/portal\/wp-json\/wp\/v2\/categories?post=39624"},{"taxonomy":"post_tag","embeddable":true,"href":"https:\/\/www.agrupament.cat\/portal\/wp-json\/wp\/v2\/tags?post=39624"}],"curies":[{"name":"wp","href":"https:\/\/api.w.org\/{rel}","templated":true}]}}