{"id":39607,"date":"2026-03-12T16:18:55","date_gmt":"2026-03-12T15:18:55","guid":{"rendered":"https:\/\/www.agrupament.cat\/portal\/?p=39607"},"modified":"2026-03-12T16:18:55","modified_gmt":"2026-03-12T15:18:55","slug":"ferrocarrils-inicia-les-obres-per-renovar-lascensor-de-landana-de-la-via-2-de-lestacio-de-la-floresta","status":"publish","type":"post","link":"https:\/\/www.agrupament.cat\/portal\/2026\/03\/ferrocarrils-inicia-les-obres-per-renovar-lascensor-de-landana-de-la-via-2-de-lestacio-de-la-floresta\/","title":{"rendered":"Ferrocarrils inicia les obres per renovar l&#8217;ascensor de l&#8217;andana de la via 2 de l&#8217;estaci\u00f3 de La Floresta"},"content":{"rendered":"<p><strong>\u00b7 L\u2019actuaci\u00f3 forma part d\u2019un conveni de col\u00b7laboraci\u00f3 entre Ferrocarrils i l\u2019Ajuntament de Sant Cugat del Vall\u00e8s<\/strong><br \/>\n<strong>\u00b7 Els treballs permetran homologar la infraestructura als est\u00e0ndards de la resta d\u2019ascensors de la xarxa d\u2019FGC<\/strong><\/p>\n<p>Ferrocarrils de la Generalitat de Catalunya (FGC) iniciar\u00e0 la setmana vinent les obres per a la renovaci\u00f3 i millora de l\u2019ascensor de l\u2019andana de la via 2 de l\u2019estaci\u00f3 de La Floresta, fruit d\u2019un conveni de col\u00b7laboraci\u00f3 entre FGC i l\u2019Ajuntament de Sant Cugat del Vall\u00e8s, signat el juliol de 2025.<\/p>\n<p>Els treballs, amb un termini d\u2019execuci\u00f3 de 4 mesos, consistiran en l\u2019arranjament estructural de l\u2019ascensor i de les filtracions de l\u2019edicle aix\u00ed com de la millora de la ventilaci\u00f3. A m\u00e9s, un cop finalitzades les obres, Ferrocarrils es far\u00e0 c\u00e0rrec directament del manteniment i l\u2019explotaci\u00f3 de l\u2019ascensor i l\u2019integrar\u00e0 dins de les seves instal\u00b7lacions d\u2019estacions.<\/p>\n<p>En aquest sentit, es dur\u00e0 a terme una renovaci\u00f3 del mateix per garantir els est\u00e0ndards an\u00e0legs a la resta d\u2019ascensors d\u2019FGC i s\u2019integrar\u00e0 dins la xarxa d\u2019instal\u00b7lacions centralitzades amb el Centre de Supervisi\u00f3 d\u2019Estacions (CSE). D\u2019aquesta manera, qualsevol incid\u00e8ncia ser\u00e0 atesa pels agents d\u2019FGC tant des del CSE com des de la mateixa estaci\u00f3, millorant aix\u00ed el servei prestat a les persones usu\u00e0ries.<\/p>\n<p>L\u2019ascensor de l\u2019andana de la via 2 de l\u2019estaci\u00f3 de La Floresta es va instal\u00b7lar l\u2019any 2017 per Ferrocarrils a petici\u00f3 de l\u2019Ajuntament de Sant Cugat amb l\u2019objectiu de millorar l\u2019accessibilitat de les persones amb mobilitat redu\u00efda a l\u2019estaci\u00f3 d\u2019FGC i de connectar dos punts del barri que se situen a diferent nivell: el Passeig de La Floresta i la pla\u00e7a Miquel Ros.<\/p>\n<p>L\u2019actuaci\u00f3 suposar\u00e0 un cost total de 154.796 euros (abans d\u2019IVA) dels quals d\u2019una banda, l\u2019Ajuntament n\u2019aportar\u00e0 44.928 euros per a l\u2019execuci\u00f3 dels treballs de modernitzaci\u00f3 corresponents a l\u2019arranjament estructural i a les filtracions de l\u2019edicle aix\u00ed com a la millora de la ventilaci\u00f3; i de l\u2019altra, Ferrocarrils n\u2019aportar\u00e0 109.868 euros per homologar l\u2019ascensor als est\u00e0ndards de la resta d\u2019ascensors d\u2019FGC i per integrar l\u2019ascensor al control del CSE.<\/p>\n","protected":false},"excerpt":{"rendered":"<p>\u00b7 L\u2019actuaci\u00f3 forma part d\u2019un conveni de col\u00b7laboraci\u00f3 entre Ferrocarrils i l\u2019Ajuntament de Sant Cugat del Vall\u00e8s \u00b7 Els treballs<\/p>\n","protected":false},"author":4,"featured_media":39608,"comment_status":"closed","ping_status":"open","sticky":false,"template":"","format":"standard","meta":{"footnotes":""},"categories":[818],"tags":[43,47,19,455,456,547,1012,1352],"class_list":["post-39607","post","type-post","status-publish","format-standard","has-post-thumbnail","hentry","category-notes-de-premsa","tag-estacions","tag-fgc-ferrocarrils-de-la-generalitat-de-catalunya","tag-infraestructures","tag-s01-barcelona-placa-catalunya-a-terrasssa","tag-s02-barcelona-placa-catalunya-a-sabadell","tag-s05-barcelona-placa-de-catalunya-a-sant-cugat-i-rubi","tag-s07-barcelona-placa-catalunya-a-rubi","tag-viatgers","comments-off"],"_links":{"self":[{"href":"https:\/\/www.agrupament.cat\/portal\/wp-json\/wp\/v2\/posts\/39607","targetHints":{"allow":["GET"]}}],"collection":[{"href":"https:\/\/www.agrupament.cat\/portal\/wp-json\/wp\/v2\/posts"}],"about":[{"href":"https:\/\/www.agrupament.cat\/portal\/wp-json\/wp\/v2\/types\/post"}],"author":[{"embeddable":true,"href":"https:\/\/www.agrupament.cat\/portal\/wp-json\/wp\/v2\/users\/4"}],"replies":[{"embeddable":true,"href":"https:\/\/www.agrupament.cat\/portal\/wp-json\/wp\/v2\/comments?post=39607"}],"version-history":[{"count":1,"href":"https:\/\/www.agrupament.cat\/portal\/wp-json\/wp\/v2\/posts\/39607\/revisions"}],"predecessor-version":[{"id":39609,"href":"https:\/\/www.agrupament.cat\/portal\/wp-json\/wp\/v2\/posts\/39607\/revisions\/39609"}],"wp:featuredmedia":[{"embeddable":true,"href":"https:\/\/www.agrupament.cat\/portal\/wp-json\/wp\/v2\/media\/39608"}],"wp:attachment":[{"href":"https:\/\/www.agrupament.cat\/portal\/wp-json\/wp\/v2\/media?parent=39607"}],"wp:term":[{"taxonomy":"category","embeddable":true,"href":"https:\/\/www.agrupament.cat\/portal\/wp-json\/wp\/v2\/categories?post=39607"},{"taxonomy":"post_tag","embeddable":true,"href":"https:\/\/www.agrupament.cat\/portal\/wp-json\/wp\/v2\/tags?post=39607"}],"curies":[{"name":"wp","href":"https:\/\/api.w.org\/{rel}","templated":true}]}}