{"id":39601,"date":"2026-03-02T11:01:15","date_gmt":"2026-03-02T10:01:15","guid":{"rendered":"https:\/\/www.agrupament.cat\/portal\/?p=39601"},"modified":"2026-03-09T20:00:42","modified_gmt":"2026-03-09T19:00:42","slug":"fgc-ofereix-visites-guiades-a-lespai-expositiu-de-la-cotxera-de-rubi-en-el-marc-de-lesdeveniment-experiencies-uniques","status":"publish","type":"post","link":"https:\/\/www.agrupament.cat\/portal\/2026\/03\/fgc-ofereix-visites-guiades-a-lespai-expositiu-de-la-cotxera-de-rubi-en-el-marc-de-lesdeveniment-experiencies-uniques\/","title":{"rendered":"FGC ofereix visites guiades a l&#8217;Espai Expositiu de la Cotxera de Rub\u00ed en el marc de l&#8217;esdeveniment Experi\u00e8ncies \u00daniques"},"content":{"rendered":"<p><strong>\u00b7 Les visites, programades els dies 19, 20 i 21 de mar\u00e7 en diferents franges hor\u00e0ries, mostraran una part dels vehicles hist\u00f2rics de la companyia<\/strong><br \/>\n<strong>Ferrocarrils participa en la 5a edici\u00f3 d\u2019Experi\u00e8ncies \u00daniques, l\u2019esdeveniment promogut per l\u2019Ajuntament de Sant Cugat que permet descobrir espais singulars del territori<\/strong><\/p>\n<p>26 febrer 2026<br \/>\nFerrocarrils de la Generalitat de Catalunya (FGC) obrir\u00e0 l\u2019Espai Expositiu de la Cotxera de Rub\u00ed els pr\u00f2xims dies 19, 20 i 21 de mar\u00e7 per oferir visites guiades en el marc de les jornades Experi\u00e8ncies \u00daniques, la iniciativa impulsada per l\u2019Ajuntament de Sant Cugat que presenta m\u00e9s de 40 visites guiades en llocs d\u2019inter\u00e8s del territori. Per assistir a les visites, que s\u00f3n gratu\u00eftes, cal fer reserva pr\u00e8via de pla\u00e7a, a trav\u00e9s del web de l\u2019Oficina de Turisme de Sant Cugat.<\/p>\n<p>Ferrocarrils ha programat visites guiades a les franges hor\u00e0ries de les 18.00 h i 19.00 de dijous 19 i divendres 20 de febrer i a les 10.00 h, 11.00 h, 12.00 h, 17.00 h i 18.00 h de dissabte 21 de febrer.<\/p>\n<p><strong>L\u2019Espai Expositiu de la Cotxera de Rub\u00ed<\/strong><br \/>\nL\u2019Espai Expositiu de la Cotxera de Rub\u00ed mostra una part del patrimoni hist\u00f2ric i cultural de Ferrocarrils amb una exposici\u00f3 gr\u00e0fica dels 100 anys de l\u2019arribada del tren el\u00e8ctric al Vall\u00e8s i amb una col\u00b7lecci\u00f3 de vehicles ferroviaris hist\u00f2rics.<\/p>\n<p>L\u2019exposici\u00f3 gr\u00e0fica presenta una cronologia de la hist\u00f2ria del ferrocarril al Vall\u00e8s, des dels seus inicis a principis del segle XX fins a l\u2019actualitat. L\u2019espai inclou fotografies, documents, maquetes que permeten als visitants con\u00e8ixer el desenvolupament d\u2019aquesta infraestructura.<\/p>\n<p>La col\u00b7lecci\u00f3 de vehicles ferroviaris hist\u00f2rics inclou dues vagonetes de fusta de principis del segle XX, que van participar en la construcci\u00f3 del t\u00fanel de Vallvidrera; un vag\u00f3 cisterna; un furg\u00f3 del 1913; dos automotors dels anys 60; i dues grues de principis del segle XX. Aquests vehicles es troben exposats en dues vies de 90 metres de llarg, que abans eren utilitzades com a taller de material ferroviari.<\/p>\n<p><strong>L\u2019estrat\u00e8gia de patrimoni hist\u00f2ric de Ferrocarrils<\/strong><br \/>\nFerrocarrils facilita l\u2019acc\u00e9s al patrimoni hist\u00f2ric ferroviari de la companyia potenciant-ne la divulgaci\u00f3 a trav\u00e9s de la creaci\u00f3 d\u2019espais de preservaci\u00f3, posant en circulaci\u00f3 trens hist\u00f2rics i treballant per visibilitzar el paper del ferrocarril en la vertebraci\u00f3 i connexi\u00f3 territorial des del segle XIX fins a l\u2019actualitat.<\/p>\n<p>L\u2019Espai Expositiu de la Cotxera de Rub\u00ed \u00e9s un dels centres que FGC ha habilitat els \u00faltims anys per preservar els seus vehicles a instal\u00b7lacions hist\u00f2riques com La Nau del tren hist\u00f2ric del Vall\u00e8s, situada al Centre Operatiu de Rub\u00ed d\u2019FGC; o el Moll de la Pobla, a l\u2019estaci\u00f3 de La Pobla de Segur de la l\u00ednia Lleida-La Pobla de Segur.<\/p>\n<p>Ferrocarrils tamb\u00e9 disposa de l\u2019Espai de la via m\u00e8trica, el centre de preservaci\u00f3 de vehicles hist\u00f2rics de la l\u00ednia Llobregat-Anoia, que est\u00e0 situat al costat de l\u2019estaci\u00f3 de Martorell Central.<\/p>\n<p>Tots aquests espais complementen els dedicats al Cremallera de N\u00faria, a Ribes de Freser; al Cremallera de Montserrat, a Monistrol de Montserrat; i als Ferrocarrils secundaris, industrials i tur\u00edstics, a La Pobla de Lillet.<\/p>\n<p>En el marc de l\u2019Estrat\u00e8gia de Patrimoni Hist\u00f2ric, aprovada l\u2019any 2021, Ferrocarrils ha dut a terme la darrera fase de la digitalitzaci\u00f3 del seu fons hist\u00f2ric, format per dos milions i mig de documents, procedents de les companyies ferrovi\u00e0ries antecessores d\u2019FGC. Tamb\u00e9 s\u2019ha recuperat per a la circulaci\u00f3 l\u2019hist\u00f2ric Tren Granota, amb serveis programats per diversos diumenges al llarg de l\u2019any, dins de l\u2019oferta de trens tur\u00edstics de Turistren. Es tracta d\u2019un vehicle emblem\u00e0tic i hist\u00f2ric de la l\u00ednia Barcelona-Vall\u00e8s, que va estar en servei entre els anys 1944 i 1996. El vehicle va ser declarat l\u2019any 2023 B\u00e9 Cultural d\u2019Inter\u00e8s Nacional pel Departament de Cultura de la Generalitat de Catalunya.<\/p>\n","protected":false},"excerpt":{"rendered":"<p>\u00b7 Les visites, programades els dies 19, 20 i 21 de mar\u00e7 en diferents franges hor\u00e0ries, mostraran una part dels<\/p>\n","protected":false},"author":4,"featured_media":39602,"comment_status":"closed","ping_status":"open","sticky":false,"template":"","format":"standard","meta":{"footnotes":""},"categories":[818],"tags":[1258,943,47,215,443,1483],"class_list":["post-39601","post","type-post","status-publish","format-standard","has-post-thumbnail","hentry","category-notes-de-premsa","tag-ajuntament","tag-cotxeres","tag-fgc-ferrocarrils-de-la-generalitat-de-catalunya","tag-rubi","tag-sant-cugat-del-valles","tag-visitants","comments-off"],"_links":{"self":[{"href":"https:\/\/www.agrupament.cat\/portal\/wp-json\/wp\/v2\/posts\/39601","targetHints":{"allow":["GET"]}}],"collection":[{"href":"https:\/\/www.agrupament.cat\/portal\/wp-json\/wp\/v2\/posts"}],"about":[{"href":"https:\/\/www.agrupament.cat\/portal\/wp-json\/wp\/v2\/types\/post"}],"author":[{"embeddable":true,"href":"https:\/\/www.agrupament.cat\/portal\/wp-json\/wp\/v2\/users\/4"}],"replies":[{"embeddable":true,"href":"https:\/\/www.agrupament.cat\/portal\/wp-json\/wp\/v2\/comments?post=39601"}],"version-history":[{"count":1,"href":"https:\/\/www.agrupament.cat\/portal\/wp-json\/wp\/v2\/posts\/39601\/revisions"}],"predecessor-version":[{"id":39603,"href":"https:\/\/www.agrupament.cat\/portal\/wp-json\/wp\/v2\/posts\/39601\/revisions\/39603"}],"wp:featuredmedia":[{"embeddable":true,"href":"https:\/\/www.agrupament.cat\/portal\/wp-json\/wp\/v2\/media\/39602"}],"wp:attachment":[{"href":"https:\/\/www.agrupament.cat\/portal\/wp-json\/wp\/v2\/media?parent=39601"}],"wp:term":[{"taxonomy":"category","embeddable":true,"href":"https:\/\/www.agrupament.cat\/portal\/wp-json\/wp\/v2\/categories?post=39601"},{"taxonomy":"post_tag","embeddable":true,"href":"https:\/\/www.agrupament.cat\/portal\/wp-json\/wp\/v2\/tags?post=39601"}],"curies":[{"name":"wp","href":"https:\/\/api.w.org\/{rel}","templated":true}]}}