{"id":39260,"date":"2025-03-09T12:06:28","date_gmt":"2025-03-09T11:06:28","guid":{"rendered":"https:\/\/www.agrupament.cat\/portal\/?p=39260"},"modified":"2025-04-22T18:04:56","modified_gmt":"2025-04-22T17:04:56","slug":"presentacio-del-llibre-la-historia-de-una-linea-de-tren-emblematica","status":"publish","type":"post","link":"https:\/\/www.agrupament.cat\/portal\/2025\/03\/presentacio-del-llibre-la-historia-de-una-linea-de-tren-emblematica\/","title":{"rendered":"Presentaci\u00f3 del llibre: &#8220;LA HIST\u00d2RIA DE UNA LINEA DE TREN EMBLEM\u00c0TICA&#8221;"},"content":{"rendered":"<p>L&#8217;acte tindr\u00e0 lloc a la seu social de L&#8217;Agrupament Ferroviari de Barcelona, carrer de Virgili 45, 47 baixos, 08030, el proper dissabte dia 5 d&#8217;abril a les 18:00 h.<\/p>\n<p style=\"text-align: center;\"><strong>CONFERENCIA OBERTA AL PUBLIC EN GENERAL\u00a0<\/strong><\/p>\n<p><span style=\"color: #000000;\"><strong><a style=\"color: #000000;\" href=\"https:\/\/www.facebook.com\/people\/Lluis-Garcia-Rifa\/100069745013166\/\">Lluis Garcia Rif\u00e0<\/a> <\/strong><\/span>va escriure aquest llibre com a resultat de una excursi\u00f3 fotogr\u00e0fica que va realitzar uns anys abans en el tram de la desapareguda l\u00ednia de Ripoll a Sant Joan de les Abadesses. Donant fruit a la web <strong><span style=\"color: #000000;\"><a style=\"color: #000000;\" href=\"https:\/\/www.traintren.com.\">www.traintren.com.<\/a><\/span><\/strong><\/p>\n<p>L\u2019autor ens far\u00e0 referencies a l\u2019inter\u00e8s hist\u00f2ric de l\u2019esmentada l\u00ednia entre Granollers i Sant Joan de les Abadesses, degut a les incid\u00e8ncies que van afectar als treballadors, al tra\u00e7at de la l\u00ednia, com amb la besant econ\u00f2mica .<\/p>\n<p><img loading=\"lazy\" decoding=\"async\" class=\"alignleft size-full wp-image-39251\" src=\"https:\/\/www.agrupament.cat\/portal\/wp-content\/uploads\/2025\/03\/AFB-Cartell-Xarrada-Lluis-Garcia-Rifa-\u00b7-abril-2025.jpg\" alt=\"\" width=\"1654\" height=\"2338\" srcset=\"https:\/\/www.agrupament.cat\/portal\/wp-content\/uploads\/2025\/03\/AFB-Cartell-Xarrada-Lluis-Garcia-Rifa-\u00b7-abril-2025.jpg 1654w, https:\/\/www.agrupament.cat\/portal\/wp-content\/uploads\/2025\/03\/AFB-Cartell-Xarrada-Lluis-Garcia-Rifa-\u00b7-abril-2025-212x300.jpg 212w, https:\/\/www.agrupament.cat\/portal\/wp-content\/uploads\/2025\/03\/AFB-Cartell-Xarrada-Lluis-Garcia-Rifa-\u00b7-abril-2025-724x1024.jpg 724w, https:\/\/www.agrupament.cat\/portal\/wp-content\/uploads\/2025\/03\/AFB-Cartell-Xarrada-Lluis-Garcia-Rifa-\u00b7-abril-2025-768x1086.jpg 768w, https:\/\/www.agrupament.cat\/portal\/wp-content\/uploads\/2025\/03\/AFB-Cartell-Xarrada-Lluis-Garcia-Rifa-\u00b7-abril-2025-1087x1536.jpg 1087w, https:\/\/www.agrupament.cat\/portal\/wp-content\/uploads\/2025\/03\/AFB-Cartell-Xarrada-Lluis-Garcia-Rifa-\u00b7-abril-2025-1449x2048.jpg 1449w\" sizes=\"auto, (max-width: 1654px) 100vw, 1654px\" \/><\/p>\n<p>&nbsp;<\/p>\n","protected":false},"excerpt":{"rendered":"<p>L&#8217;acte tindr\u00e0 lloc a la seu social de L&#8217;Agrupament Ferroviari de Barcelona, carrer de Virgili 45, 47 baixos, 08030, el<\/p>\n","protected":false},"author":4,"featured_media":39262,"comment_status":"closed","ping_status":"open","sticky":false,"template":"","format":"standard","meta":{"footnotes":""},"categories":[994],"tags":[1195,1554,1475,235,719],"class_list":["post-39260","post","type-post","status-publish","format-standard","has-post-thumbnail","hentry","category-comunicats","tag-associacions","tag-conferencies","tag-granollers","tag-historia-del-fc","tag-sant-joan-de-les-abadesses","comments-off"],"_links":{"self":[{"href":"https:\/\/www.agrupament.cat\/portal\/wp-json\/wp\/v2\/posts\/39260","targetHints":{"allow":["GET"]}}],"collection":[{"href":"https:\/\/www.agrupament.cat\/portal\/wp-json\/wp\/v2\/posts"}],"about":[{"href":"https:\/\/www.agrupament.cat\/portal\/wp-json\/wp\/v2\/types\/post"}],"author":[{"embeddable":true,"href":"https:\/\/www.agrupament.cat\/portal\/wp-json\/wp\/v2\/users\/4"}],"replies":[{"embeddable":true,"href":"https:\/\/www.agrupament.cat\/portal\/wp-json\/wp\/v2\/comments?post=39260"}],"version-history":[{"count":2,"href":"https:\/\/www.agrupament.cat\/portal\/wp-json\/wp\/v2\/posts\/39260\/revisions"}],"predecessor-version":[{"id":39273,"href":"https:\/\/www.agrupament.cat\/portal\/wp-json\/wp\/v2\/posts\/39260\/revisions\/39273"}],"wp:featuredmedia":[{"embeddable":true,"href":"https:\/\/www.agrupament.cat\/portal\/wp-json\/wp\/v2\/media\/39262"}],"wp:attachment":[{"href":"https:\/\/www.agrupament.cat\/portal\/wp-json\/wp\/v2\/media?parent=39260"}],"wp:term":[{"taxonomy":"category","embeddable":true,"href":"https:\/\/www.agrupament.cat\/portal\/wp-json\/wp\/v2\/categories?post=39260"},{"taxonomy":"post_tag","embeddable":true,"href":"https:\/\/www.agrupament.cat\/portal\/wp-json\/wp\/v2\/tags?post=39260"}],"curies":[{"name":"wp","href":"https:\/\/api.w.org\/{rel}","templated":true}]}}