{"id":39047,"date":"2025-01-03T11:48:58","date_gmt":"2025-01-03T10:48:58","guid":{"rendered":"https:\/\/www.agrupament.cat\/portal\/?p=39047"},"modified":"2025-01-03T11:48:58","modified_gmt":"2025-01-03T10:48:58","slug":"cavalcades-de-reis-a-barcelona-2025-afectacions-i-recomanacions-de-transport","status":"publish","type":"post","link":"https:\/\/www.agrupament.cat\/portal\/2025\/01\/cavalcades-de-reis-a-barcelona-2025-afectacions-i-recomanacions-de-transport\/","title":{"rendered":"Cavalcades de Reis a Barcelona 2025. Afectacions i recomanacions de transport"},"content":{"rendered":"<p><strong>Diumenge 5 de gener, als diversos barris de la ciutat, hi haur\u00e0 afectacions en el recorregut de la majoria de l\u00ednies de bus entre les 16.00 i les 23.00 h per les cavalcades de Reis. Per aix\u00f2, recomanem l\u2019\u00fas del metro en els despla\u00e7aments als llocs on se celebraran les diferents cavalcades.<\/strong><\/p>\n<p><strong>1. Cavalcada de Reis de Barcelona<\/strong><br \/>\nHorari de l\u2019afectaci\u00f3: de 16.00 a 22.00 h, aproximadament.<br \/>\nRecorregut: els Reis arribaran al Moll de la Fusta a les 16.00 h i es traslladaran fins al passeig de la Circumval\u00b7laci\u00f3, on comen\u00e7ar\u00e0 la cavalcada. Passaran per l\u2019avinguda del Marqu\u00e8s de l\u2019Argentera, el passeig d\u2019Isabel II, el passeig de Colom, l&#8217;avinguda del Paral\u00b7lel, la ronda de Sant Pau, el carrer d&#8217;Urgell, el carrer de Sep\u00falveda, l\u2019avinguda del Paral\u00b7lel i l\u2019avinguda de la Reina Maria Cristina. La cavalcada finalitzar\u00e0 a l\u2019avinguda de Francesc Ferrer i Gu\u00e0rdia, al costat de la Font de Montju\u00efc.<br \/>\nLes l\u00ednies afectades seran: D20, D40, D50, H12, H14, H16, V9, V11, V13, V15, V17, V19, 13, 21, 46, 47, 52, 55, 59, 65, 79, 91, 109, 120, 121, 141, 150, X2 i Barcelona Bus Tur\u00edstic Enlla\u00e7 extern (ruta blava i vermella).<br \/>\nRecomanacions de transport: per als despla\u00e7aments per on passa la cavalcada, recomanem l\u2019\u00fas del metro. Les parades m\u00e9s properes a la zona on hi haur\u00e0 restriccions de tr\u00e0nsit s\u00f3n: Espanya (L1\/L3), Rocafort (L1), Urgell (L1), Paral\u00b7lel (L2), Sant Antoni (L2) Jaume I (L4), Ciutadella \/ Vila Ol\u00edmpica (L4) i Barceloneta (L4).<\/p>\n<p><strong>2. Cavalcada de Nou Barris<\/strong><br \/>\nHorari de l\u2019afectaci\u00f3: de 16.00 a 22.00 h, aproximadament.<br \/>\nRecorregut: La cavalcada sortir\u00e0 a les 19 h del carrer d&#8217;Aiguablava i passar\u00e0 per la via J\u00falia, la pla\u00e7a de la Rep\u00fablica, el passeig de Verdum, el carrer del Doctor Pi i Molist, la pla\u00e7a del Virrei Amat i el passeig de Fabra i Puig i finalitzar\u00e0 a l\u2019al\u00e7ada de l\u2019avinguda de Rio de Janeiro amb l\u2019avinguda Meridiana.<br \/>\nLes l\u00ednies afectades seran: D40, D50, H2, H4, H6, V27, V29, 34, 47, 60, 76, 122, 127, 132, 134, 182 i El bus a demanda (El meu Bus).<br \/>\nRecomanacions de transport: per als despla\u00e7aments per on passa la cavalcada, recomanem l\u2019\u00fas del metro. Les parades m\u00e9s properes a la zona on hi haur\u00e0 restriccions de tr\u00e0nsit s\u00f3n: Fabra i Puig (L1), Trinitat Nova (L4\/L11), Via J\u00falia (L4), Llucmajor (L4) i Virrei Amat (L5).<\/p>\n<p><strong>3. Cavalcada d\u2019Horta &#8211; Guinard\u00f3<\/strong><br \/>\nHorari de l\u2019afectaci\u00f3: de 18.00 a 20.30 h, aproximadament.<br \/>\nRecorregut: els Reis sortiran del carrer de la Conca de Tremp amb el carrer del Llobreg\u00f3s i passaran pels carrers del Llobreg\u00f3s, del Pant\u00e0 de Tremp, de Dante Alighieri, Baixada de la Plana, del Tajo i el passeig de Maragall, on finalitza a l\u2019al\u00e7ada del carrer de Mascar\u00f3.<br \/>\nLes l\u00ednies afectades seran: H2, V21, V23, V25, 19, 112, 119 i 185.<br \/>\nRecomanacions de transport: per als despla\u00e7aments per on passa la cavalcada, recomanem l\u2019\u00fas del metro. Les parades m\u00e9s properes a la zona on hi haur\u00e0 restriccions de tr\u00e0nsit s\u00f3n: Maragall (L4\/L5), Horta (L5) i El Carmel (L5).<\/p>\n<p><strong>4. Cavalcada La Verneda &#8211; Sant Mart\u00ed<\/strong><br \/>\nHorari de l\u2019afectaci\u00f3: de 17 a 21.00 h, aproximadament.<br \/>\nRecorregut: la concentraci\u00f3 tindr\u00e0 lloc a la pla\u00e7a de Leonardo da Vinci del F\u00f2rum. La cavalcada sortir\u00e0 de la pla\u00e7a de Llevant i continuar\u00e0 per la rambla de Prim, la rambla de Guip\u00fascoa, canviar\u00e0 de sentit a l\u2019al\u00e7ada del carrer de Fluvi\u00e0 fins al carrer de la Selva de Mar.<br \/>\nLes l\u00ednies afectades seran: H10, H12, H14, H16, V29, V31, 7, 33, 60 i 136.<br \/>\nRecomanacions de transport: per als despla\u00e7aments per on passa la cavalcada, recomanem l\u2019\u00fas del metro. Les parades m\u00e9s properes a la zona on hi haur\u00e0 restriccions de tr\u00e0nsit s\u00f3n: Sant Mart\u00ed (L2), La Pau (L2\/L4), El Maresme \/ F\u00f2rum (L4) i Bes\u00f2s Mar (L4).<\/p>\n<p><strong>5. Cavalcada de Sant Andreu &#8211; La Sagrera<\/strong><br \/>\nHorari de l\u2019afectaci\u00f3: de 17.15 a 21.30 h, aproximadament.<br \/>\nRecorregut: la cavalcada sortir\u00e0 de la pla\u00e7a d&#8217;Orfila i continuar\u00e0 pel passeig de Torras i Bages, els carrers del Palomar, Gran de Sant Andreu, Gran de La Sagrera, de Garcilaso, de Vall\u00e8s i Ribot i el carrer del Coll fins a la pla\u00e7a de Masadas.<br \/>\nLes l\u00ednies afectades seran: H4, H6, H8, V31, 34, 126 i 133.<br \/>\nRecomanacions de transport: per als despla\u00e7aments per on passa la cavalcada, recomanem l\u2019\u00fas del metro. Les parades m\u00e9s properes a la zona on hi haur\u00e0 restriccions de tr\u00e0nsit s\u00f3n: La Sagrera (L1\/L5\/L9 Nord\/L10 Nord), Sant Andreu (L1) i Torras i Bages (L1).<\/p>\n<p><strong>6. Cavalcada del Poblenou<\/strong><br \/>\nHorari de l\u2019afectaci\u00f3: de 18.00 a 20.30 h, aproximadament.<br \/>\nRecorregut: la cavalcada t\u00e9 la sortida i l\u2019arribada al carrer de Bilbao, als jardins de Simone de Beauvoir, i passa pels carrers de Llull, de Proven\u00e7als, de Pujades, la rambla del Poblenou, els carrers de Ramon Turr\u00f3, de la Llacuna, del Pere IV i de Bilbao.<br \/>\nLes l\u00ednies afectades seran: H14, V25, V27, 6, 136 i 192.<br \/>\nRecomanacions de transport: per als despla\u00e7aments per on passa la cavalcada, recomanem l\u2019\u00fas del metro. Les parades m\u00e9s properes a la zona on hi haur\u00e0 restriccions de tr\u00e0nsit s\u00f3n: Llacuna (L4), Poblenou (L4) i Selva de Mar (L4).<\/p>\n<p><strong>7. Cavalcada del Clot &#8211; Camp de l\u2019Arpa<\/strong><br \/>\nHorari de l\u2019afectaci\u00f3: de 18.30 a 21.00 h, aproximadament.<br \/>\nRecorregut: els Reis sortiran del carrer de Las Navas de Tolosa amb el carrer de la Ind\u00fastria, i passaran pels carrers del Ripoll\u00e8s, de la Naci\u00f3, de Mallorca, del Dos de Maig, de Val\u00e8ncia, de la Muntanya, d\u2019Arag\u00f3 i carrer del Clot, i finalitzaran el seu recorregut a la pla\u00e7a del Mercat del Clot.<br \/>\nLes l\u00ednies afectades seran: D50, H8, H10, V23, V25, 33, 34, 62 i 192.<br \/>\nRecomanacions de transport: per als despla\u00e7aments per on passa la cavalcada, recomanem l\u2019\u00fas del metro. Les parades m\u00e9s properes a la zona on hi haur\u00e0 restriccions de tr\u00e0nsit s\u00f3n: Clot (L1\/L2), Navas (L1) i Encants (L2).<\/p>\n<p><strong>8. Cavalcada de Ciutat Meridiana<\/strong><br \/>\nHorari de l\u2019afectaci\u00f3: de 15.45 a 17.10 h, aproximadament.<br \/>\nRecorregut: els Reis sortiran del carrer de Perafita, passaran per aquest carrer i per l\u2019avinguda dels Rasos de Peguera, el carrer de Les Agudes, el carrer de Costabona, l&#8217;avinguda dels Rasos de Peguera, el carrer de Vallcivera, l&#8217;avinguda de Vallbona i acabaran el recorregut a la pla\u00e7a Roja de la Ciutat Meridiana.<br \/>\nLes l\u00ednies afectades seran: D50, 62, 76, 183 i El bus a demanda (El meu Bus).<br \/>\nRecomanacions de transport: per als despla\u00e7aments per on passa la cavalcada, recomanem l\u2019\u00fas del metro. Les parades m\u00e9s properes a la zona on hi haur\u00e0 restriccions de tr\u00e0nsit s\u00f3n: Can Cui\u00e0s (L11) i Ciutat Meridiana (L11).<\/p>\n<p><strong>9. Cavalcada de Trinitat Vella<\/strong><br \/>\nHorari de l\u2019afectaci\u00f3: de 16.00 a 22.00 h, aproximadament.<br \/>\nRecorregut: els Reis sortiran del carrer del Torrent de la Perera i passaran per la carretera de Ribes, el carrer de Pen\u00edscola, el carrer del Pare Manj\u00f3n, el carrer del Tur\u00f3 de la Trinitat, la pla\u00e7a de la Trinitat, el carrer de la Mare de D\u00e9u de Lorda, el carrer de la Foradada, el carrer del Tur\u00f3 de la Trinitat i finalitza a la pla\u00e7a de la Trinitat.<br \/>\nLes l\u00ednies afectades seran: V31, 62, 76, 126, 127 i 133.<br \/>\nRecomanacions de transport: per als despla\u00e7aments per on passa la cavalcada, recomanem l\u2019\u00fas del metro. La parada m\u00e9s propera a la zona on hi haur\u00e0 restriccions de tr\u00e0nsit \u00e9s Trinitat Vella (L1).<\/p>\n<p><strong>10. Cavalcada de Sants &#8211; Les Corts<\/strong><br \/>\nHorari de l\u2019afectaci\u00f3: de 16.15 a 20 h, aproximadament.<br \/>\nRecorregut: els Reis sortiran de la pla\u00e7a de Comas i passaran pel carrer de Joan G\u00fcell, la travessera de les Corts, el carrer del Vallespir, el passeig de Sant Antoni, els carrers de Galileu, de Can Bruixa i de Joan G\u00fcell. La cavalcada finalitzar\u00e0 als jardins de Can Mantega.<br \/>\nLes l\u00ednies afectades seran: H8, H10, V5, 54, 59 i 115.<br \/>\nRecomanacions de transport: per als despla\u00e7aments per on passa la cavalcada, recomanem l\u2019\u00fas del metro. Les parades m\u00e9s properes a la zona on hi haur\u00e0 restriccions de tr\u00e0nsit s\u00f3n: Pla\u00e7a de Sants (L1\/L5), Les Corts (L3), Pla\u00e7a del Centre (L3) i Sants Estaci\u00f3 (L3\/L5).<\/p>\n<p><strong>11. Cavalcada de Bar\u00f3 de Viver i Bon Pastor<\/strong><br \/>\nHorari de l\u2019afectaci\u00f3: de 18.30 a 22.00 h, aproximadament.<br \/>\nRecorregut: se\u2019n veuran afectats els carrers de Ferran Junoy, de Sao Paulo, de Lima, de Sas, el passeig d&#8217;Enric Sanch\u00eds, els carrers de Santander, de Llinars del Vall\u00e8s i de Sant Adri\u00e0.<br \/>\nLes l\u00ednies afectades seran: H4, H8, V33, 60 i 133.<br \/>\nRecomanacions de transport: per als despla\u00e7aments per on passa la cavalcada, recomanem l\u2019\u00fas del metro. Les parades m\u00e9s properes a la zona on hi haur\u00e0 restriccions de tr\u00e0nsit s\u00f3n: Sant Andreu (L1) i Bon Pastor (L9 Nord\/L10 Nord).<\/p>\n<p><strong>12. Cavalcada del Congr\u00e9s &#8211; Indians<\/strong><br \/>\nHorari de l\u2019afectaci\u00f3: de 17 a 19.30 h, aproximadament.<br \/>\nRecorregut: la cavalcada passar\u00e0 pels carrers de Felip II, de Jordi de Sant Jordi, de Campo Florido, de Matanzas, de Garcilaso, de Manigua, d&#8217;Alexandr\u00e9 Gal\u00ed, de Puerto Principe, de Felip II i finalitza a la pla\u00e7a del Congr\u00e9s Eucar\u00edstic.<br \/>\nLes l\u00ednies afectades seran: D40, D50, H6, V27, 47, 122 i 191.<br \/>\nRecomanacions de transport: per als despla\u00e7aments per on passa la cavalcada, recomanem l\u2019\u00fas del metro. Les parades m\u00e9s properes a la zona on hi haur\u00e0 restriccions de tr\u00e0nsit s\u00f3n: La Sagrera (L1\/L5\/L9 Nord\/L10 Nord), Maragall (L4\/L5), Congr\u00e9s (L5) i Virrei Amat (L5).<\/p>\n<p><strong>13. Cavalcada de Sant Gen\u00eds<\/strong><br \/>\nHorari de l\u2019afectaci\u00f3: de 18.00 a 19.00 h, aproximadament.<br \/>\nRecorregut: realitza la sortida a la pla\u00e7a de la Font del Roure, i passa pels carrers de Costa Pacheco, d&#8217;Elies i Pag\u00e8s, la pla\u00e7a de la Madrona Prat, el carrer de Natzaret, l&#8217;avinguda Jord\u00e0, els carrers de Haifa, de Na\u00efm, l&#8217;avinguda Jord\u00e0, els carrers de Judea, del Sina\u00ed, de Lledoner, i finalitza al carrer de Natzaret.<br \/>\nLes l\u00ednies afectades seran: 19, 76, 112 i 135.<br \/>\nRecomanacions de transport: per als despla\u00e7aments per on passa la cavalcada, recomanem l\u2019\u00fas del metro. La parada m\u00e9s propera \u00e9s Vall d&#8217;Hebron (L3\/L5).<\/p>\n<p><strong>14. Cavalcada de La Marina<\/strong><br \/>\nHorari de l\u2019afectaci\u00f3: de 17 a 20.30 h, aproximadament.<br \/>\nRecorregut: realitza la sortida del passeig de la Zona Franca i passa pel carrer de la Mineria, la pla\u00e7a de les Matem\u00e0tiques, els carrers de la Mare de D\u00e9u del Port i de la Foneria i finalitza al passeig de la Zona Franca, a la sala &#8216;Pepita Casanellas&#8217;.<br \/>\nLes l\u00ednies afectades seran: V3, V5, H16, 13, 109 i 125.<br \/>\nRecomanacions de transport: per als despla\u00e7aments per on passa la cavalcada, recomanem l\u2019\u00fas del metro. Les parades m\u00e9s properes a la zona on hi haur\u00e0 restriccions de tr\u00e0nsit s\u00f3n: Foc (L10S) i Foneria (L10S).<\/p>\n<p><strong>15. Cavalcada de La Teixonera<\/strong><br \/>\nHorari de l\u2019afectaci\u00f3: de 19 a 20.30 h, aproximadament.<br \/>\nRecorregut: realitza la sortida al carrer d&#8217;Arenys 65, i passa pel passeig de la Vall d&#8217;Hebron, carrer del General Mendoza, carrer de la Santa Rosalia, el passeig de la Mare de D\u00e9u del Coll, el carrer de Josep Sangen\u00eds i finalitza al carrer d&#8217;Arenys.<br \/>\nLes l\u00ednies afectades seran: H2, 19 i 119.<br \/>\nRecomanacions de transport: per als despla\u00e7aments per on passa la cavalcada, recomanem l\u2019\u00fas del metro. Les parades m\u00e9s properes a la zona on hi haur\u00e0 restriccions de tr\u00e0nsit s\u00f3n: Vall d&#8217;Hebron (L3\/L5) i El Coll | La Teixonera (L5).<\/p>\n<p><strong>16. Cavalcada de Reis de Sarri\u00e0<\/strong><br \/>\nHorari de l\u2019afectaci\u00f3: a partir de les 18 h, aproximadament.<br \/>\nRecorregut: realitza la sortida al passeig de Sant Joan Bosco i continua per la pla\u00e7a d&#8217;Art\u00f3s, el carrer Major de Sarri\u00e0, la pla\u00e7a de Sarri\u00e0, el carrer Major de Sarri\u00e0 i finalitza al carrer de Margenat.<br \/>\nLes l\u00ednies afectades seran: H4, V7, 68, 130 i Barcelona Bus Tur\u00edstic Enlla\u00e7 extern (ruta blava).<br \/>\nRecomanacions de transport: per als despla\u00e7aments per on passa la cavalcada, recomanem l\u2019\u00fas del metro. La parada m\u00e9s propera a la zona on hi haur\u00e0 restriccions de tr\u00e0nsit \u00e9s: Maria Cristina (L3).<\/p>\n<p><strong>17. Cavalcada de Reis de Sant Gervasi<\/strong><br \/>\nHorari de l\u2019afectaci\u00f3: de 20.00 a les 21.30 hores, aproximadament.<br \/>\nRecorregut: realitza la sortida a la pla\u00e7a de la Bonanova i continua pels carrers de Muntaner, de Madrazo i finalitza al Mercat de Galvany.<br \/>\nLes l\u00ednies afectades seran: H4, H6, V11, V13, 68, 123 i Barcelona Bus Tur\u00edstic Enlla\u00e7 extern (ruta blava).<br \/>\nRecomanacions de transport: per als despla\u00e7aments per on passa la cavalcada, recomanem l\u2019\u00fas del metro. Les parades m\u00e9s properes a la zona on hi haur\u00e0 restriccions de tr\u00e0nsit s\u00f3n: Lesseps (L3) i Vallcarca (L3).<br \/>\nPer a m\u00e9s detalls, pots consultar el web de l&#8217;Ajuntament de Barcelona Enlla\u00e7 extern.<\/p>\n<p><strong>M\u00e9s informaci\u00f3<\/strong><br \/>\nPer a consultes, TMB t\u00e9 a disposici\u00f3 dels usuaris el tel\u00e8fon d&#8217;informaci\u00f3 i atenci\u00f3 al ciutad\u00e0 900 701 149 (de dilluns a diumenge, de 8.00 a 21.00 h) i tamb\u00e9 el compte d\u2019informaci\u00f3 i atenci\u00f3 a X Enlla\u00e7 extern (de dilluns a divendres feiners, de 7.00 a 20.00 h).<\/p>\n<p>Si vols informar-te d&#8217;altres actuacions previstes que puguin afectar el servei de transport p\u00fablic o b\u00e9 vols accedir a recomanacions de transport, entra a la secci\u00f3 &#8220;Avisos de servei&#8221;.<\/p>\n","protected":false},"excerpt":{"rendered":"<p>Diumenge 5 de gener, als diversos barris de la ciutat, hi haur\u00e0 afectacions en el recorregut de la majoria de<\/p>\n","protected":false},"author":4,"featured_media":39048,"comment_status":"closed","ping_status":"open","sticky":false,"template":"","format":"standard","meta":{"footnotes":""},"categories":[818],"tags":[17,35,1665,56,865],"class_list":["post-39047","post","type-post","status-publish","format-standard","has-post-thumbnail","hentry","category-notes-de-premsa","tag-afectacions-e-incidencies","tag-barcelona","tag-festivitat-de-reis","tag-metro-barcelona-tmb","tag-transport-public","comments-off"],"_links":{"self":[{"href":"https:\/\/www.agrupament.cat\/portal\/wp-json\/wp\/v2\/posts\/39047","targetHints":{"allow":["GET"]}}],"collection":[{"href":"https:\/\/www.agrupament.cat\/portal\/wp-json\/wp\/v2\/posts"}],"about":[{"href":"https:\/\/www.agrupament.cat\/portal\/wp-json\/wp\/v2\/types\/post"}],"author":[{"embeddable":true,"href":"https:\/\/www.agrupament.cat\/portal\/wp-json\/wp\/v2\/users\/4"}],"replies":[{"embeddable":true,"href":"https:\/\/www.agrupament.cat\/portal\/wp-json\/wp\/v2\/comments?post=39047"}],"version-history":[{"count":1,"href":"https:\/\/www.agrupament.cat\/portal\/wp-json\/wp\/v2\/posts\/39047\/revisions"}],"predecessor-version":[{"id":39049,"href":"https:\/\/www.agrupament.cat\/portal\/wp-json\/wp\/v2\/posts\/39047\/revisions\/39049"}],"wp:featuredmedia":[{"embeddable":true,"href":"https:\/\/www.agrupament.cat\/portal\/wp-json\/wp\/v2\/media\/39048"}],"wp:attachment":[{"href":"https:\/\/www.agrupament.cat\/portal\/wp-json\/wp\/v2\/media?parent=39047"}],"wp:term":[{"taxonomy":"category","embeddable":true,"href":"https:\/\/www.agrupament.cat\/portal\/wp-json\/wp\/v2\/categories?post=39047"},{"taxonomy":"post_tag","embeddable":true,"href":"https:\/\/www.agrupament.cat\/portal\/wp-json\/wp\/v2\/tags?post=39047"}],"curies":[{"name":"wp","href":"https:\/\/api.w.org\/{rel}","templated":true}]}}