{"id":39011,"date":"2025-01-01T19:33:48","date_gmt":"2025-01-01T18:33:48","guid":{"rendered":"https:\/\/www.agrupament.cat\/portal\/?p=39011"},"modified":"2025-01-01T19:33:48","modified_gmt":"2025-01-01T18:33:48","slug":"tmb-celebra-els-100-anys-de-la-inauguracio-del-metro-amb-un-viatge-al-passat-a-lestacio-de-passeig-de-gracia","status":"publish","type":"post","link":"https:\/\/www.agrupament.cat\/portal\/2025\/01\/tmb-celebra-els-100-anys-de-la-inauguracio-del-metro-amb-un-viatge-al-passat-a-lestacio-de-passeig-de-gracia\/","title":{"rendered":"TMB celebra els 100 anys de la inauguraci\u00f3 del metro amb un \u201cviatge\u201d al passat a l\u2019estaci\u00f3 de Passeig de Gr\u00e0cia"},"content":{"rendered":"<p>30 de desembre del 2024<br \/>\n<strong>\u00b7 Avui fa 100 anys de la posada en servei de les primeres quatre estacions del Gran Metro: Catalunya, Arag\u00f3 (actual Passeig de Gr\u00e0cia), Diagonal i Lesseps.<\/strong><br \/>\n<strong>\u00b7 Per commemorar l&#8217;efem\u00e8ride, TMB ha reprodu\u00eft part de l&#8217;andana de Passeig de Gr\u00e0cia de l&#8217;L3 tal com era el 1924 i s&#8217;ha presentat una de les cinc rajoles amb el logotip del Gran Metro que lluiran a diferents punts de la xarxa.<\/strong><br \/>\n<strong>\u00b7 Aquest acte ha estat el tret de sortida de la celebraci\u00f3 del centenari de metro que contempla activitats per a tota la ciutadania i per als i les professionals de TMB durant tot un any.<\/strong><\/p>\n<p>Avui es compleixen 100 anys de la inauguraci\u00f3 del primer tram del metro de Barcelona. Amb motiu de l\u2019efem\u00e8ride, Transports Metropolitans de Barcelona (TMB) ha realitzat una petita recreaci\u00f3 hist\u00f2rica d\u2019aquell moment tan especial per a tota la ciutadania de Barcelona i que va suposar una aut\u00e8ntica revoluci\u00f3 en els h\u00e0bits socials i de despla\u00e7ament dels seus habitants. Aix\u00ed, les persones usu\u00e0ries que han passat per l\u2019estaci\u00f3 de Passeig de Gr\u00e0cia de L3 (antiga Arag\u00f3n) han pogut gaudir d\u2019aquest \u201cviatge\u201d al passat a una de les andanes, que ha recuperat l\u2019est\u00e8tica de les primeres estacions del Gran Metropolit\u00e0 recreant elements com la senyalitzaci\u00f3, els anuncis, una caseta de cap d\u2019estaci\u00f3, i personatges amb la indument\u00e0ria dels anys 20.<\/p>\n<p>Des d\u2019aquesta estaci\u00f3, el conseller delegat de TMB, Xavier Flores, ha agra\u00eft als i les professionals de TMB \u201cque cada dia fan possible un servei eficient i clau per a la ciutat de Barcelona\u201d. Flores ha explicat que \u201ccelebrem els 100 anys de metro amb r\u00e8cord absolut de passatge, que ens portar\u00e0 als 465 milions de validacions aquest any\u201d i ha assenyalat al futur \u201cper seguir ampliant i millorar la xarxa, donant m\u00e9s oferta, millors freq\u00fc\u00e8ncies i seguir avan\u00e7ant cap a l\u2019accessibilitat universal\u201d per\u00f2 per aix\u00f2 cal que \u201cdes de les administracions hi hagi la inversi\u00f3 necess\u00e0ria per seguir creixent, tant en infraestructures com en trens\u201d. Flores tamb\u00e9 ha explicat que les ciutats tenen diferents reptes \u201cel d\u2019habitatge, el de cohesi\u00f3 social, el de sostenibilitat&#8230; i la mobilitat \u00e9s imprescindible i necess\u00e0ria per poder assolir aquests reptes\u201d. El conseller delegat de TMB tamb\u00e9 ha fet la descoberta simb\u00f2lica al vest\u00edbul de Consell de Cent de Passeig de Gr\u00e0cia de l\u2019L3 d\u2019una de les cinc rajoles commemoratives amb el logotip del Gran Metropolit\u00e0 que s\u2019han elaborat per a la commemoraci\u00f3 del centenari. Les altres quatre rajoles es poden veure des d&#8217;avui als vest\u00edbuls principals de les quatre estacions de metro de Barcelona.<\/p>\n<p>Tamb\u00e9 des de primera hora d\u2019avui, tant a les pantalles del metro com a la megafonia, es pot escoltar un missatge d\u2019agra\u00efment als i les professionals del metro. I, fruit de la col\u00b7laboraci\u00f3 amb R\u00e0dio Barcelona &#8211; Cadena SER, s\u2019est\u00e0 reproduint dins dels trens un missatge commemoratiu amb m\u00fasica del 1924 i locutat per la periodista Rosa Badia.<\/p>\n<p><strong>Recreaci\u00f3 hist\u00f2rica<\/strong><br \/>\nL\u2019andana decorada es podr\u00e0 veure fins a finals de gener i s\u2019hi han recreat elements com la senyal\u00edstica, el grafisme, els materials i la publicitat de productes comercials i institucionals dels anys vint i trenta del segle passat. Aix\u00ed, fins al 30 de gener es podr\u00e0 veure el cartellisme de l\u2019\u00e8poca d\u2019empreses com Chocolate Amatller, sastreria Santa Eul\u00e0lia, Gallina Blanca, Cacaolat, Letona, Norit, Orion i Tintes Iberia. Tamb\u00e9 de grans empreses centen\u00e0ries com el Gran Teatre del Liceu i el Palau de la M\u00fasica, totes elles patrocinadores d\u2019aquesta acci\u00f3 i del conjunt d\u2019accions de celebraci\u00f3 del centenari del Metro.<\/p>\n<p>Per donar un major realisme a l\u2019ambientaci\u00f3, s\u2019ha decorat una andana amb una s\u00e8rie de vinils que, gr\u00e0cies a l\u2019arxiu fotogr\u00e0fic de la Fundaci\u00f3 TMB, reprodueixen de manera fidel la tipografia i el disseny gr\u00e0fic dels cartells amb el nom de l\u2019estaci\u00f3, aix\u00ed com del revestiment original de la volta a base de peces de cer\u00e0mica blanca bisellada i del paviment, amb rajola de dibuix hexagonal. Tamb\u00e9 s\u2019ha instal\u00b7lat una reproducci\u00f3 de les casetes dels caps d\u2019estaci\u00f3, que en aquell moment s\u2019ubicaven a les andanes, i dels bancs, simulant fusta.<\/p>\n<p>No nom\u00e9s s\u2019ha fet un esfor\u00e7 per recrear la decoraci\u00f3 original, tamb\u00e9 s\u2019ha modificat la il\u00b7luminaci\u00f3 i s\u2019han aprofitat diferents suports publicitaris actuals per exhibir fotografies en blanc i negre de les primeres estacions del fotoperiodista Josep Brangul\u00ed. Les imatges que han servit de base per acompanyar aquesta recreaci\u00f3 hist\u00f2rica formen part del fons de l\u2019arxiu de Patrimoni Hist\u00f2ric de la Fundaci\u00f3 TMB, que actualment disposa de m\u00e9s de 42.000 imatges digitalitzades. I per una celebraci\u00f3 tan especial, tamb\u00e9 s\u2019ha comptat amb altres complements de l\u2019\u00e8poca com la m\u00fasica i actors i actrius vestits amb indument\u00e0ria similar a la data de la inauguraci\u00f3, des de la classe obrera a l\u2019alta burgesia del moment i del personal de l\u2019estaci\u00f3.<\/p>\n<p>Aquesta recreaci\u00f3 hist\u00f2rica ha estat possible gr\u00e0cies a la col\u00b7laboraci\u00f3 de Cacaolat, Chocolate Amatller, Santa Eul\u00e0lia, Ac Marca, Gallina Blanca, Palau de la M\u00fasica Catalana \u2013 Orfe\u00f3 Catal\u00e0, Gran Teatre del Liceu, R\u00e0dio Barcelona &#8211; Cadena Ser i Stick no bills.<\/p>\n<p><strong>Un centenari per a tothom<\/strong><br \/>\nLa celebraci\u00f3 del centenari de metro que ha engegat avui acabar\u00e0 el 30 de desembre del 2025. Durant tot un any, TMB obrir\u00e0 les portes de diferents espais del metro que normalment no s\u00f3n accessibles per a la ciutadania en general, com ara les anomenades estacions fantasma, els simuladors, el centre de control o l\u2019antiga escala de cargol d\u2019Urquinaona. Les dates i el procediment per poder accedir a aquests espais els anirem explicant a trav\u00e9s de les xarxes socials de TMB.<\/p>\n<p>El pr\u00f2xim acte on estar\u00e0 present el centenari del metro ser\u00e0 la Cavalcada de Reis de Barcelona 2025. Tamb\u00e9 els cent anys del metro seran protagonistes de l\u2019espectacle de drons de la Merc\u00e8 2025. Despr\u00e9s arribar\u00e0 a l\u2019Espai Merc\u00e8 Sala de l\u2019estaci\u00f3 de Diagonal, a partir del 10 de gener una exposici\u00f3 sobre un dels llibres del centenari, La petita hist\u00f2ria del metro, il\u00b7lustrat per Pilar\u00edn Bay\u00e9s i que apropar\u00e0 la nostra hist\u00f2ria als i les m\u00e9s petites. Aquest espai expositiu acollir\u00e0 tamb\u00e9 la mostra fotogr\u00e0fica El repte constructiu, que recollir\u00e0 elements singulars d\u2019enginyeria presents a la hist\u00f2ria del metro de Barcelona com la construcci\u00f3 dels primers t\u00fanels, el pont de ferro de l\u2019estaci\u00f3 de Catalunya o l\u2019elevador que hi havia a l\u2019antiga cotxera de Lesseps. Abans d\u2019aquest viatge al passat, l\u2019Espai Merc\u00e8 Sala, a l\u2019estaci\u00f3 de Diagonal (L5), acollir\u00e0 una exposici\u00f3 de realitat virtual. Aquesta experi\u00e8ncia que arrencar\u00e0 a l\u2019estiu permetr\u00e0 fer un viatge immersiu per la hist\u00f2ria del metro de Barcelona. Totes les dates de les diferents exposicions es detallaran a mesura que s\u2019apropi la corresponent inauguraci\u00f3.<\/p>\n<p>L\u2019exposici\u00f3 m\u00e9s destacada ser\u00e0 la dels trens restaurats de les s\u00e8ries 100, 300, 400, 1100 i 3000, ser\u00e0 un altre dels grans actes del centenari i es far\u00e0 durant el darrer trimestre del 2025. Aquesta mostra del patrimoni hist\u00f2ric de TMB permetr\u00e0 veure els trens despr\u00e9s del proc\u00e9s de restauraci\u00f3 que inclou una neteja interior i exterior acurada, reparacions de paviment, marcs, finestres, portes, panells laterals i altres elements per tal que puguin ser visitats. Tamb\u00e9 es restituir\u00e0 la il\u00b7luminaci\u00f3 a les zones de passatge i cabina perqu\u00e8 es puguin visitar l\u2019interior quan estiguin exposats. A la part exterior es repararan desperfectes en xapes i es vinilar\u00e0 amb els colors que tenien quan van deixar de prestar servei comercial.<\/p>\n<p>A m\u00e9s, la Generalitat de Catalunya, que ha escollit el centenari com una de les efem\u00e8rides a celebrar pel Govern, organitzar\u00e0 una exposici\u00f3 sobre la hist\u00f2ria del metro i com el seu naixement i expansi\u00f3 han contribu\u00eft a donar forma a la ciutat i l\u2019\u00e0rea metropolitana que coneixem. Es far\u00e0 al Palau Robert.<\/p>\n<p><strong>Curses al metro<\/strong><br \/>\nEl centenari tamb\u00e9 permetr\u00e0 acollir dues grans curses obertes a tota la ciutadania. Una cronoescalada, que es far\u00e0 a l\u2019estaci\u00f3 de metro El Coll \/ La Teixonera, la m\u00e9s profunda de la xarxa amb 74 metres de fond\u00e0ria. I una cursa nocturna al metro que, a m\u00e9s, tindr\u00e0 un caire solidari, perqu\u00e8 permetr\u00e0 donar visibilitat i captar fons per la lluita contra l\u2019Esclerosi Lateral Amiotr\u00f2fica (ELA), la causa solid\u00e0ria escollida enguany pels i les professionals de TMB.<\/p>\n<p>Tamb\u00e9 ser\u00e0 un centenari pels i les professionals de metro, m\u00e9s de 4.000 persones que fan possible que el metro funcioni cada dia, per a ells i elles i el programa del centenari ha pensat en activitats espec\u00edfiques per a la plantilla. Hi haur\u00e0 un concert exclusiu a L\u2019Auditori i una festa d\u2019inauguraci\u00f3 de l\u2019exposici\u00f3 dels trens hist\u00f2rics restaurats. A m\u00e9s, es presentar\u00e0 la nova uniformitat que portaran treballadors i treballadores. D\u2019elles, de les dones que han treballat al metro en parlar\u00e0 especialment una de les tres publicacions que farem durant el 2025, la de La dona treballadora al metro de Barcelona. \u00c9s un llibre que explicar\u00e0 el paper que han desenvolupat les dones en funci\u00f3 de l&#8217;\u00e8poca hist\u00f2rica que s\u2019analitza.<\/p>\n<p>A banda, es presentar\u00e0 un llibre de fotografies editat per TMB, la Generalitat de Catalunya i l\u2019Ajuntament de Barcelona amb el t\u00edtol 100 anys del metro de Barcelona. I, com no podia ser d\u2019altra manera, el centenari del metro tindr\u00e0 un gran acte institucional que se celebrar\u00e0 al paranimf de l\u2019Escola Industrial i que comptar\u00e0 amb la pres\u00e8ncia de representants de les principals institucions del pa\u00eds. En aquest acte es presentar\u00e0 el documental Cent anys de Metro (1924-2024).<\/p>\n<p>&nbsp;<\/p>\n","protected":false},"excerpt":{"rendered":"<p>30 de desembre del 2024 \u00b7 Avui fa 100 anys de la posada en servei de les primeres quatre estacions<\/p>\n","protected":false},"author":4,"featured_media":39012,"comment_status":"closed","ping_status":"open","sticky":false,"template":"","format":"standard","meta":{"footnotes":""},"categories":[835],"tags":[35,882,225,56],"class_list":["post-39011","post","type-post","status-publish","format-standard","has-post-thumbnail","hentry","category-premsa-escrita","tag-barcelona","tag-centenari","tag-metro","tag-metro-barcelona-tmb","comments-off"],"_links":{"self":[{"href":"https:\/\/www.agrupament.cat\/portal\/wp-json\/wp\/v2\/posts\/39011","targetHints":{"allow":["GET"]}}],"collection":[{"href":"https:\/\/www.agrupament.cat\/portal\/wp-json\/wp\/v2\/posts"}],"about":[{"href":"https:\/\/www.agrupament.cat\/portal\/wp-json\/wp\/v2\/types\/post"}],"author":[{"embeddable":true,"href":"https:\/\/www.agrupament.cat\/portal\/wp-json\/wp\/v2\/users\/4"}],"replies":[{"embeddable":true,"href":"https:\/\/www.agrupament.cat\/portal\/wp-json\/wp\/v2\/comments?post=39011"}],"version-history":[{"count":1,"href":"https:\/\/www.agrupament.cat\/portal\/wp-json\/wp\/v2\/posts\/39011\/revisions"}],"predecessor-version":[{"id":39013,"href":"https:\/\/www.agrupament.cat\/portal\/wp-json\/wp\/v2\/posts\/39011\/revisions\/39013"}],"wp:featuredmedia":[{"embeddable":true,"href":"https:\/\/www.agrupament.cat\/portal\/wp-json\/wp\/v2\/media\/39012"}],"wp:attachment":[{"href":"https:\/\/www.agrupament.cat\/portal\/wp-json\/wp\/v2\/media?parent=39011"}],"wp:term":[{"taxonomy":"category","embeddable":true,"href":"https:\/\/www.agrupament.cat\/portal\/wp-json\/wp\/v2\/categories?post=39011"},{"taxonomy":"post_tag","embeddable":true,"href":"https:\/\/www.agrupament.cat\/portal\/wp-json\/wp\/v2\/tags?post=39011"}],"curies":[{"name":"wp","href":"https:\/\/api.w.org\/{rel}","templated":true}]}}