{"id":38994,"date":"2024-12-29T12:18:00","date_gmt":"2024-12-29T11:18:00","guid":{"rendered":"https:\/\/www.agrupament.cat\/portal\/?p=38994"},"modified":"2024-12-29T12:18:00","modified_gmt":"2024-12-29T11:18:00","slug":"adif-av-licita-por-95-me-la-mejora-de-las-estructuras-de-los-pasos-superiores-del-tramo-vandellos-tarragona","status":"publish","type":"post","link":"https:\/\/www.agrupament.cat\/portal\/2024\/12\/adif-av-licita-por-95-me-la-mejora-de-las-estructuras-de-los-pasos-superiores-del-tramo-vandellos-tarragona\/","title":{"rendered":"Adif AV licita por 9,5 M\u20ac la mejora de las estructuras de los pasos superiores del tramo Vandell\u00f2s-Tarragona"},"content":{"rendered":"<p>En la conexi\u00f3n del Corredor Mediterr\u00e1neo con la L\u00ednea de Alta Velocidad Madrid-Barcelona-Francia<br \/>\n<strong>\u00b7 Se realizar\u00e1n actuaciones de refuerzo y protecci\u00f3n de estas estructuras con el objetivo de mejorar la calidad de la explotaci\u00f3n ferroviaria<\/strong><\/p>\n<p>26 diciembre 2024<br \/>\nAdif Alta Velocidad ha licitado por importe de 9,54 millones de euros las obras de protecci\u00f3n de las estructuras de los pasos superiores existentes en la conexi\u00f3n ferroviaria del Corredor Mediterr\u00e1neo con la L\u00ednea de Alta Velocidad Madrid-Barcelona-Francia, concretamente en el tramo Vandell\u00f2s-Tarragona.<\/p>\n<p>El objetivo de esta actuaci\u00f3n es reforzar las estructuras de estos pasos superiores y reducir as\u00ed la probabilidad de incidencias y sus consecuencias sobre la explotaci\u00f3n ferroviaria.<\/p>\n<p>Estas actuaciones, que se ejecutar\u00e1n en tres fases, se llevar\u00e1n a cabo en un total de 12 pasos superiores de la variante Vandell\u00f2s-Tarragona y su conexi\u00f3n con la L\u00ednea de Alta Velocidad. Comprender\u00e1n operaciones como protecciones del alzado de las pilas con muros de hormig\u00f3n armado que las envuelva, losas a cota de carril e instalaci\u00f3n de materiales de mitigaci\u00f3n.<\/p>\n<p>Estos proyectos contribuyen a la consecuci\u00f3n del Objetivo de Desarrollo Sostenible (ODS) 9 (Industria, Innovaci\u00f3n e Infraestructura), que tiene entre sus metas el desarrollo de infraestructuras fiables, sostenibles, resilientes y de calidad.<\/p>\n<p><strong>Financiaci\u00f3n europea<\/strong><br \/>\nEsta actuaci\u00f3n cuenta con financiaci\u00f3n europea a trav\u00e9s del Plan de Recuperaci\u00f3n, Transformaci\u00f3n y Resiliencia. Financiado por la Uni\u00f3n Europea-NextGenerationEU.<\/p>\n<p>&nbsp;<\/p>\n","protected":false},"excerpt":{"rendered":"<p>En la conexi\u00f3n del Corredor Mediterr\u00e1neo con la L\u00ednea de Alta Velocidad Madrid-Barcelona-Francia \u00b7 Se realizar\u00e1n actuaciones de refuerzo y<\/p>\n","protected":false},"author":4,"featured_media":0,"comment_status":"closed","ping_status":"open","sticky":false,"template":"","format":"standard","meta":{"footnotes":""},"categories":[818],"tags":[986,87,961,32,468],"class_list":["post-38994","post","type-post","status-publish","format-standard","hentry","category-notes-de-premsa","tag-alta-velocidad","tag-corredor-del-mediterrani","tag-infraestructuras","tag-tarragona","tag-vandellos","comments-off"],"_links":{"self":[{"href":"https:\/\/www.agrupament.cat\/portal\/wp-json\/wp\/v2\/posts\/38994","targetHints":{"allow":["GET"]}}],"collection":[{"href":"https:\/\/www.agrupament.cat\/portal\/wp-json\/wp\/v2\/posts"}],"about":[{"href":"https:\/\/www.agrupament.cat\/portal\/wp-json\/wp\/v2\/types\/post"}],"author":[{"embeddable":true,"href":"https:\/\/www.agrupament.cat\/portal\/wp-json\/wp\/v2\/users\/4"}],"replies":[{"embeddable":true,"href":"https:\/\/www.agrupament.cat\/portal\/wp-json\/wp\/v2\/comments?post=38994"}],"version-history":[{"count":1,"href":"https:\/\/www.agrupament.cat\/portal\/wp-json\/wp\/v2\/posts\/38994\/revisions"}],"predecessor-version":[{"id":38995,"href":"https:\/\/www.agrupament.cat\/portal\/wp-json\/wp\/v2\/posts\/38994\/revisions\/38995"}],"wp:attachment":[{"href":"https:\/\/www.agrupament.cat\/portal\/wp-json\/wp\/v2\/media?parent=38994"}],"wp:term":[{"taxonomy":"category","embeddable":true,"href":"https:\/\/www.agrupament.cat\/portal\/wp-json\/wp\/v2\/categories?post=38994"},{"taxonomy":"post_tag","embeddable":true,"href":"https:\/\/www.agrupament.cat\/portal\/wp-json\/wp\/v2\/tags?post=38994"}],"curies":[{"name":"wp","href":"https:\/\/api.w.org\/{rel}","templated":true}]}}