{"id":38984,"date":"2024-12-29T11:41:18","date_gmt":"2024-12-29T10:41:18","guid":{"rendered":"https:\/\/www.agrupament.cat\/portal\/?p=38984"},"modified":"2024-12-29T11:41:18","modified_gmt":"2024-12-29T10:41:18","slug":"transportes-adjudica-por-202-millones-de-euros-la-instalacion-de-seis-nuevas-vias-de-alta-velocidad-en-la-estacion-de-alicante","status":"publish","type":"post","link":"https:\/\/www.agrupament.cat\/portal\/2024\/12\/transportes-adjudica-por-202-millones-de-euros-la-instalacion-de-seis-nuevas-vias-de-alta-velocidad-en-la-estacion-de-alicante\/","title":{"rendered":"Transportes adjudica por 20,2 millones de euros la instalaci\u00f3n de seis nuevas v\u00edas de alta velocidad en la estaci\u00f3n de Alicante"},"content":{"rendered":"<p>Punto estrat\u00e9gico para el Corredor Mediterr\u00e1neo<br \/>\n<strong>\u00b7 En total, la estaci\u00f3n dispondr\u00e1 de 10 v\u00edas para incrementar su capacidad y acoger m\u00e1s circulaciones, tanto las derivadas de la liberalizaci\u00f3n ferroviaria como del futuro cambio de ancho de la conexi\u00f3n con Val\u00e8ncia y el Nudo de la Encina.<\/strong><br \/>\n<strong>\u00b7 Las obras se centrar\u00e1n en v\u00eda, andenes, electrificaci\u00f3n y nuevo telemando de energ\u00eda, as\u00ed como en mejorar la funcionalidad del edificio de viajeros.<\/strong><\/p>\n<p>Madrid, 26 de diciembre de 2024<br \/>\nEl Ministerio de Transportes y Movilidad Sostenible ha adjudicado por 20,2 millones de euros (IVA incluido), a trav\u00e9s de Adif AV, las obras de remodelaci\u00f3n de la estaci\u00f3n de Alicante con la incorporaci\u00f3n de seis nuevas v\u00edas de ancho est\u00e1ndar que servir\u00e1n para aumentar su capacidad para acoger tr\u00e1ficos de alta velocidad.<\/p>\n<p>La terminal consolidar\u00e1 as\u00ed a la capital alicantina como punto estrat\u00e9gico del Corredor Mediterr\u00e1neo en el sureste de la Comunidad Valenciana y de la pen\u00ednsula, al disponer de capacidad suficiente para absorber los servicios ferroviarios, en su mayor parte en ancho est\u00e1ndar, tanto de proximidad como de media y larga distancia.<\/p>\n<p>El potencial de la L\u00ednea de Alta Velocidad (LAV) Madrid-Alicante en el marco de la liberalizaci\u00f3n ferroviaria, con nuevos operadores y tr\u00e1ficos, unido a la futura adaptaci\u00f3n de al ancho est\u00e1ndar del tramo Val\u00e8ncia-Alicante y del Nudo de la Encina, son dos de los factores principales para la incorporaci\u00f3n de estas seis nuevas v\u00edas, que se sumar\u00e1n a las cuatro v\u00edas actuales.<\/p>\n<p>Las obras previstas abarcan actuaciones en v\u00eda (nuevas v\u00edas, adaptaci\u00f3n del ancho de v\u00eda, modificaci\u00f3n de itinerarios, implantaci\u00f3n de aparatos de v\u00eda), andenes (adaptaci\u00f3n, remodelaci\u00f3n y nueva construcci\u00f3n) y electrificaci\u00f3n: implantaci\u00f3n de 25 kV en las nuevas v\u00edas de ancho est\u00e1ndar, la electrificaci\u00f3n propia de la red de alta velocidad; electrificaci\u00f3n completa de las v\u00edas en ancho convencional; y nuevo telemando de energ\u00eda.<\/p>\n<p>Adem\u00e1s, se mejorar\u00e1 la funcionalidad del edificio de viajeros para gestionar el incremento de usuarios, desplegando instalaciones para los operadores ferroviarios (como nuevos puestos de check in y zonas de mantenimiento) y se ampliar\u00e1 y reconfigurar\u00e1 el acceso a la zona de Cercan\u00edas; adem\u00e1s de instalar protecciones ac\u00fasticas tanto en la zona norte como en la zona sur.<\/p>\n<p><strong>Nueva configuraci\u00f3n de v\u00edas en la estaci\u00f3n de Alicante<\/strong><br \/>\nEn la estaci\u00f3n de Alicante confluyen actualmente tres l\u00edneas ferroviarias:<br \/>\n&#8211; LAV Madrid-Alicante, que a su vez conecta con la LAV Monforte del Cid-Murcia.<br \/>\n&#8211; Ancho convencional Alicante-El Reguer\u00f3n (conexi\u00f3n con Murcia).<br \/>\n&#8211; Ancho convencional La Encina-Alicante (conexi\u00f3n con Albacete\/Valencia).<\/p>\n<p>Para los servicios de larga distancia, dispone de 4 v\u00edas en ancho est\u00e1ndar y 2 de ancho convencional a las que dan servicio 3 andenes. Por su parte, los tr\u00e1ficos de media distancia y Cercan\u00edas disponen de 5 v\u00edas de ancho ib\u00e9rico y 3 andenes.<\/p>\n<p>En el futuro, aprovechando el espacio entre las v\u00edas de Larga Distancia y las de Media Distancia\/Cercan\u00edas, la estaci\u00f3n dispondr\u00e1 de 10 v\u00edas de ancho est\u00e1ndar (mediante la construcci\u00f3n de 4 nuevas y la conversi\u00f3n de 2 en ancho convencional) dotadas de 5 andenes; y 4 v\u00edas de ancho convencional con 2 andenes.<\/p>\n<p><strong>Financiaci\u00f3n europea<\/strong><br \/>\nEsta actuaci\u00f3n podr\u00e1 ser cofinanciada por el Mecanismo \u201cConectar Europa\u201d de la Uni\u00f3n Europea (CEF).<\/p>\n","protected":false},"excerpt":{"rendered":"<p>Punto estrat\u00e9gico para el Corredor Mediterr\u00e1neo \u00b7 En total, la estaci\u00f3n dispondr\u00e1 de 10 v\u00edas para incrementar su capacidad y<\/p>\n","protected":false},"author":4,"featured_media":38985,"comment_status":"closed","ping_status":"open","sticky":false,"template":"","format":"standard","meta":{"footnotes":""},"categories":[818],"tags":[268,986,87,1090,961,69],"class_list":["post-38984","post","type-post","status-publish","format-standard","has-post-thumbnail","hentry","category-notes-de-premsa","tag-alicante","tag-alta-velocidad","tag-corredor-del-mediterrani","tag-estaciones","tag-infraestructuras","tag-mitva-ministerio-de-fomento","comments-off"],"_links":{"self":[{"href":"https:\/\/www.agrupament.cat\/portal\/wp-json\/wp\/v2\/posts\/38984","targetHints":{"allow":["GET"]}}],"collection":[{"href":"https:\/\/www.agrupament.cat\/portal\/wp-json\/wp\/v2\/posts"}],"about":[{"href":"https:\/\/www.agrupament.cat\/portal\/wp-json\/wp\/v2\/types\/post"}],"author":[{"embeddable":true,"href":"https:\/\/www.agrupament.cat\/portal\/wp-json\/wp\/v2\/users\/4"}],"replies":[{"embeddable":true,"href":"https:\/\/www.agrupament.cat\/portal\/wp-json\/wp\/v2\/comments?post=38984"}],"version-history":[{"count":1,"href":"https:\/\/www.agrupament.cat\/portal\/wp-json\/wp\/v2\/posts\/38984\/revisions"}],"predecessor-version":[{"id":38986,"href":"https:\/\/www.agrupament.cat\/portal\/wp-json\/wp\/v2\/posts\/38984\/revisions\/38986"}],"wp:featuredmedia":[{"embeddable":true,"href":"https:\/\/www.agrupament.cat\/portal\/wp-json\/wp\/v2\/media\/38985"}],"wp:attachment":[{"href":"https:\/\/www.agrupament.cat\/portal\/wp-json\/wp\/v2\/media?parent=38984"}],"wp:term":[{"taxonomy":"category","embeddable":true,"href":"https:\/\/www.agrupament.cat\/portal\/wp-json\/wp\/v2\/categories?post=38984"},{"taxonomy":"post_tag","embeddable":true,"href":"https:\/\/www.agrupament.cat\/portal\/wp-json\/wp\/v2\/tags?post=38984"}],"curies":[{"name":"wp","href":"https:\/\/api.w.org\/{rel}","templated":true}]}}