{"id":38859,"date":"2024-12-03T18:49:56","date_gmt":"2024-12-03T17:49:56","guid":{"rendered":"https:\/\/www.agrupament.cat\/portal\/?p=38859"},"modified":"2024-12-03T18:49:56","modified_gmt":"2024-12-03T17:49:56","slug":"tmb-i-limpd-fomenten-lus-correcte-dels-espais-reservats-al-transport-public","status":"publish","type":"post","link":"https:\/\/www.agrupament.cat\/portal\/2024\/12\/tmb-i-limpd-fomenten-lus-correcte-dels-espais-reservats-al-transport-public\/","title":{"rendered":"TMB i l\u2019IMPD fomenten l\u2019\u00fas correcte dels espais reservats al transport p\u00fablic"},"content":{"rendered":"<p>03.12.2024<br \/>\n<strong>Amb motiu del Dia Internacional de la Discapacitat es llan\u00e7a la campanya \u201cPosa\u2019t a la meva pell, no al meu lloc\u201d, realitzada conjuntament entre TMB i l\u2019Institut Municipal de Persones amb Discapacitat (IMPD)<\/strong><\/p>\n<p>Transport Metropolitans de Barcelona (TMB) i l\u2019Institut Municipal de Persones amb discapacitat (IMPD) han engegat avui una nova campanya per conscienciar sobre l\u2019\u00fas correcte dels espais del transport p\u00fablic reservats a les persones amb mobilitat redu\u00efda i persones amb discapacitat. Sota el lema \u201cPosa\u2019t a la meva pell, no al meu lloc\u201d, el missatge vol fomentar l\u2019\u00fas correcte dels seients preferents, els espais reservats per a cadira de rodes i els ascensors de la xarxa de transport p\u00fablic de TMB. La campanya  vol donar tamb\u00e9 visibilitat al col\u00b7lectiu de persones amb mobilitat redu\u00efda i amb discapacitat, traslladar de manera clara el concepte de \u201cPrioritat Absoluta\u201d i impactar en els usuaris i les usu\u00e0ries que no respecten el espais, ja sigui de manera intencional o de manera inconscient. La campanya es pot veure avui a la xarxa de metro i a tots els canals digitals de TMB.<\/p>\n<p>La presidenta de TMB, Laia Bonet, ha presentat aquesta campanya amb motiu del Dia Internacional de la Discapacitat i ho ha fet amb la presidenta de l\u2019IMPD, Marta Villanueva. Bonet ha explicat durant la presentaci\u00f3 que aquesta campanya \u201c\u00e9s per seguir avan\u00e7ant  perqu\u00e8 totes les persones amb alguna discapacitat puguin exercir el seu dret a la mobilitat\u201d.  En aquest sentit, cal recordar que ja el 2023 es va fer una campanya amb l\u2019IMPD tamb\u00e9 per conscienciar sobre la prioritat per a les persones que ho necessiten als espais reservats. I \u00e9s que, tal com ha destacat la presidenta de TMB, \u201cl\u2019accessibilitat i el civisme al transport p\u00fablic s\u00f3n temes prioritaris per a TMB\u201d. Aix\u00ed, Bonet ha recordat tamb\u00e9 que la xarxa de bus ja \u00e9s totalment accessible i que \u201ca la xarxa de metro s\u2019est\u00e0 treballant per passar del 94% d\u2019adaptaci\u00f3 actual a un 100% en els pr\u00f2xims anys\u201d.<\/p>\n<p>Per la seva banda, la regidora de Salut, Persones amb Discapacitat i Estrat\u00e8gia contra la soledat, i presidenta de l\u2019IMPD, Marta Villanueva, ha explicat que Barcelona \u201c\u00e9s una ciutat capdavantera en accessibilitat\u201d i que treballa per garantir l\u2019accessibilitat al transport per innovar en l\u2019aplicaci\u00f3 de pol\u00edtiques inclusives\u201d. \u201cPer\u00f2 per fer de la nostra ciutat un entorn plenament accessible necessitem la col\u2022laboraci\u00f3 ciutadana\u201d, ha destacat. A m\u00e9s, ha afegit que \u201caquesta campanya vol sensibilitzar el ve\u00efnat sobre la necessitat de cedir els seients reservats\u201d i ha explicat que cal pensar que les persones amb mobilitat redu\u00efda nom\u00e9s poden ocupar els espais reservats. \u201cRespectem la prioritat i contribu\u00efm a fer de Barcelona una ciutat per a tothom\u201d, ha remarcat.<\/p>\n<p><strong>Campanya pedag\u00f2gica<\/strong><br \/>\nUn dels reptes que presenta la campanya \u00e9s la d\u2019apel\u00b7lar directament a les persones usu\u00e0ries que de manera volunt\u00e0ria o de forma totalment inconscient, fan servir aquests espais reservats. Aix\u00ed, es tracta d\u2019una campanya pedag\u00f2gica, directa i precisa que vol arribar al m\u00e0xim d\u2019audi\u00e8ncia possible.<\/p>\n<p>El missatge ser\u00e0 protagonitzat per testimonis reals que transmeten en primera persona la problem\u00e0tica que poden generar els comportaments irrespectuosos amb els espais reservats a persones amb mobilitat redu\u00efda i a les persones amb discapacitat. Aquests testimonis interpel\u00b7len directament a les persones usu\u00e0ries amb un llenguatge clar i senzill.<\/p>\n<p>La campanya es pot veure avui a tota la xarxa de metro, canals digitals i megafonia, en motiu de la celebraci\u00f3 del Dia Internacional de les Persones amb Discapacitat.  A banda, aquesta campanya es destacar\u00e0 als webs de l\u2019Ajuntament de Barcelona, l\u2019IMPD i de TMB. A m\u00e9s, es podr\u00e0 trobar a les xarxes socials dels tres organismes i, cap a mitjans de desembre, arribar\u00e0 a les pantalles dels vehicles de la xarxa de bus. D\u2019igual manera comptar\u00e0 amb falques a la megafonia de metro, visuals, vinilats i es difondr\u00e0 via mailing.<\/p>\n","protected":false},"excerpt":{"rendered":"<p>03.12.2024 Amb motiu del Dia Internacional de la Discapacitat es llan\u00e7a la campanya \u201cPosa\u2019t a la meva pell, no al<\/p>\n","protected":false},"author":4,"featured_media":38860,"comment_status":"closed","ping_status":"open","sticky":false,"template":"","format":"standard","meta":{"footnotes":""},"categories":[818],"tags":[35,1390,56,865],"class_list":["post-38859","post","type-post","status-publish","format-standard","has-post-thumbnail","hentry","category-notes-de-premsa","tag-barcelona","tag-personas-con-discapacidad","tag-metro-barcelona-tmb","tag-transport-public","comments-off"],"_links":{"self":[{"href":"https:\/\/www.agrupament.cat\/portal\/wp-json\/wp\/v2\/posts\/38859","targetHints":{"allow":["GET"]}}],"collection":[{"href":"https:\/\/www.agrupament.cat\/portal\/wp-json\/wp\/v2\/posts"}],"about":[{"href":"https:\/\/www.agrupament.cat\/portal\/wp-json\/wp\/v2\/types\/post"}],"author":[{"embeddable":true,"href":"https:\/\/www.agrupament.cat\/portal\/wp-json\/wp\/v2\/users\/4"}],"replies":[{"embeddable":true,"href":"https:\/\/www.agrupament.cat\/portal\/wp-json\/wp\/v2\/comments?post=38859"}],"version-history":[{"count":1,"href":"https:\/\/www.agrupament.cat\/portal\/wp-json\/wp\/v2\/posts\/38859\/revisions"}],"predecessor-version":[{"id":38861,"href":"https:\/\/www.agrupament.cat\/portal\/wp-json\/wp\/v2\/posts\/38859\/revisions\/38861"}],"wp:featuredmedia":[{"embeddable":true,"href":"https:\/\/www.agrupament.cat\/portal\/wp-json\/wp\/v2\/media\/38860"}],"wp:attachment":[{"href":"https:\/\/www.agrupament.cat\/portal\/wp-json\/wp\/v2\/media?parent=38859"}],"wp:term":[{"taxonomy":"category","embeddable":true,"href":"https:\/\/www.agrupament.cat\/portal\/wp-json\/wp\/v2\/categories?post=38859"},{"taxonomy":"post_tag","embeddable":true,"href":"https:\/\/www.agrupament.cat\/portal\/wp-json\/wp\/v2\/tags?post=38859"}],"curies":[{"name":"wp","href":"https:\/\/api.w.org\/{rel}","templated":true}]}}