{"id":38606,"date":"2024-09-08T12:45:20","date_gmt":"2024-09-08T11:45:20","guid":{"rendered":"https:\/\/www.agrupament.cat\/portal\/?p=38606"},"modified":"2024-09-08T12:45:20","modified_gmt":"2024-09-08T11:45:20","slug":"horaris-pla-alternatiu-obres-tunel-de-roda-de-bera-octubre-2024-a-marc-2025","status":"publish","type":"post","link":"https:\/\/www.agrupament.cat\/portal\/2024\/09\/horaris-pla-alternatiu-obres-tunel-de-roda-de-bera-octubre-2024-a-marc-2025\/","title":{"rendered":"Horaris pla alternatiu &#8211; obres T\u00fanel de Roda de Ber\u00e0 &#8211; octubre 2024 a mar\u00e7 2025"},"content":{"rendered":"<p><strong>Rodalies ja disposa dels nous horaris de les l\u00ednies afectades per les obres del t\u00fanel de Roda de Ber\u00e0<\/strong><\/p>\n<p>Renfe ja disposa dels nous horaris de les l\u00ednies afectades a partir de l\u20191 d\u2019octubre per les obres que Adif realitzar\u00e0 al t\u00fanel de Roda de Ber\u00e0 fins el 2 de mar\u00e7. Aquests horaris, que tamb\u00e9 s\u2019han facilitat als ajuntaments implicats, poden patir alguna modificaci\u00f3 despr\u00e9s de les converses amb els consistoris.<\/p>\n<p>Renfe oferir\u00e0 m\u00e9s de 600 circulacions i 30.500 places di\u00e0ries en autob\u00fas per al pla alternatiu de transport establert que garanteixi la mobilitat dels viatgers de les l\u00ednies regionals del sud, mentre durin els treballs que Adif executar\u00e0 al t\u00fanel de Roda de Ber\u00e0 i que obligaran a interrompre la circulaci\u00f3 ferrovi\u00e0ria entre Tarragona i Sant Vicen\u00e7 de Calders a partir de l\u20191 d\u2019octubre.<\/p>\n<p>Amb aquesta contractaci\u00f3 hist\u00f2rica, Renfe garantir\u00e0 la mobilitat dels viatgers de les l\u00ednies R14, R15, R16, R17 i RT2, afectades per les obres que Adif executar\u00e0 al t\u00fanel de Roda de Ber\u00e0 entre l\u20191 d\u2019octubre i el 2 de mar\u00e7 de 2025.<\/p>\n<p>L\u2019operativa s\u2019ha dissenyat amb la Generalitat de Catalunya, el titular del servei, els ajuntaments implicats i les plataformes de viatgers i viatgeres de Tarragona. Renfe, a m\u00e9s, continua i intensifica la campanya de comunicaci\u00f3 sobre aquestes afectacions als seus usuaris, una campanya iniciada ja el passat mes de juliol.<\/p>\n<p><span style=\"color: #ff0000;\"><strong>Nous horaris R16 i R17:<\/strong><\/span><br \/>\n<strong><a href=\"https:\/\/rodalies.gencat.cat\/web\/.content\/01_Actualitat\/2024\/07_23_PAT_Roda\/Horarios-PAT-Roda-R16-y-R17.pdf\">https:\/\/rodalies.gencat.cat\/web\/.content\/01_Actualitat\/2024\/07_23_PAT_Roda\/Horarios-PAT-Roda-R16-y-R17.pdf<\/a><\/strong><\/p>\n<p><span style=\"color: #808080;\"><strong>Nous horaris R15:<\/strong><\/span><br \/>\n<strong><a href=\"https:\/\/rodalies.gencat.cat\/web\/.content\/01_Actualitat\/2024\/07_23_PAT_Roda\/Horarios-PAT-Roda-R15.pdf\">https:\/\/rodalies.gencat.cat\/web\/.content\/01_Actualitat\/2024\/07_23_PAT_Roda\/Horarios-PAT-Roda-R15.pdf<\/a><\/strong><\/p>\n<p><span style=\"color: #ff00ff;\"><strong>Nous horaris R13 i R14<\/strong><\/span><br \/>\n<strong><a href=\"https:\/\/rodalies.gencat.cat\/web\/.content\/01_Actualitat\/2024\/07_23_PAT_Roda\/Horarios-PAT-Roda-R13-y-R14.pdf\">https:\/\/rodalies.gencat.cat\/web\/.content\/01_Actualitat\/2024\/07_23_PAT_Roda\/Horarios-PAT-Roda-R13-y-R14.pdf<\/a><\/strong><\/p>\n","protected":false},"excerpt":{"rendered":"<p>Rodalies ja disposa dels nous horaris de les l\u00ednies afectades per les obres del t\u00fanel de Roda de Ber\u00e0 Renfe<\/p>\n","protected":false},"author":4,"featured_media":0,"comment_status":"closed","ping_status":"open","sticky":false,"template":"","format":"standard","meta":{"footnotes":""},"categories":[818],"tags":[17,36,19,298,188,187,146,964,72,44],"class_list":["post-38606","post","type-post","status-publish","format-standard","hentry","category-notes-de-premsa","tag-afectacions-e-incidencies","tag-catalunya","tag-infraestructures","tag-r13","tag-r14-barcelona-estacio-de-franca-lleida-pirineus","tag-r15-barcelona-estacio-de-franca-riba-roja-debre","tag-r16-barcelona-estacio-de-franca-a-tortosa","tag-r17-barcelona-salou-port-aventura","tag-renfe-operadora","tag-rodalies-cercanias","comments-off"],"_links":{"self":[{"href":"https:\/\/www.agrupament.cat\/portal\/wp-json\/wp\/v2\/posts\/38606","targetHints":{"allow":["GET"]}}],"collection":[{"href":"https:\/\/www.agrupament.cat\/portal\/wp-json\/wp\/v2\/posts"}],"about":[{"href":"https:\/\/www.agrupament.cat\/portal\/wp-json\/wp\/v2\/types\/post"}],"author":[{"embeddable":true,"href":"https:\/\/www.agrupament.cat\/portal\/wp-json\/wp\/v2\/users\/4"}],"replies":[{"embeddable":true,"href":"https:\/\/www.agrupament.cat\/portal\/wp-json\/wp\/v2\/comments?post=38606"}],"version-history":[{"count":1,"href":"https:\/\/www.agrupament.cat\/portal\/wp-json\/wp\/v2\/posts\/38606\/revisions"}],"predecessor-version":[{"id":38607,"href":"https:\/\/www.agrupament.cat\/portal\/wp-json\/wp\/v2\/posts\/38606\/revisions\/38607"}],"wp:attachment":[{"href":"https:\/\/www.agrupament.cat\/portal\/wp-json\/wp\/v2\/media?parent=38606"}],"wp:term":[{"taxonomy":"category","embeddable":true,"href":"https:\/\/www.agrupament.cat\/portal\/wp-json\/wp\/v2\/categories?post=38606"},{"taxonomy":"post_tag","embeddable":true,"href":"https:\/\/www.agrupament.cat\/portal\/wp-json\/wp\/v2\/tags?post=38606"}],"curies":[{"name":"wp","href":"https:\/\/api.w.org\/{rel}","templated":true}]}}