{"id":38517,"date":"2024-06-21T12:24:58","date_gmt":"2024-06-21T11:24:58","guid":{"rendered":"https:\/\/www.agrupament.cat\/portal\/?p=38517"},"modified":"2024-06-21T12:24:58","modified_gmt":"2024-06-21T11:24:58","slug":"ferrocarrils-oferira-servei-ininterromput-les-nits-de-les-festes-majors-de-terrassa-rubi-i-sant-cugat","status":"publish","type":"post","link":"https:\/\/www.agrupament.cat\/portal\/2024\/06\/ferrocarrils-oferira-servei-ininterromput-les-nits-de-les-festes-majors-de-terrassa-rubi-i-sant-cugat\/","title":{"rendered":"Ferrocarrils oferir\u00e0 servei ininterromput les nits de les festes majors de Terrassa, Rub\u00ed i Sant Cugat"},"content":{"rendered":"<p><strong>\u00b7 Els trens de la l\u00ednia S1 (Terrassa) circularan durant quatre nits consecutives del 27 al 30 de juny<\/strong><br \/>\n<strong>\u00b7 L\u2019objectiu \u00e9s donar resposta al previsible augment de la demanda i afavorir l\u2019\u00fas del transport p\u00fablic durant les festes majors<\/strong><\/p>\n<p>Ferrocarrils de la Generalitat de Catalunya (FGC) oferir\u00e0 servei ininterromput durant les quatre nits principals de les festes majors de Terrassa, Rub\u00ed i Sant Cugat del Vall\u00e8s, \u00e9s a dir, les nits del 27 al 30 de juny.<\/p>\n<p>El refor\u00e7 de trens es far\u00e0 a la l\u00ednia S1 (Terrassa) i consistir\u00e0 en una freq\u00fc\u00e8ncia de pas d\u2019un tren per hora i sentit, al llarg de tota la nit, durant quatre nits consecutives.<\/p>\n<p>Els trens nocturns donaran servei a totes les estacions de la l\u00ednia S1, entre Terrassa Nacions Unides i Pl. Catalunya.<\/p>\n<p>Amb aquesta mesura, la companyia vol donar resposta al previsible augment de la demanda i afavorir la mobilitat de les persones que vulguin assistir a alguns dels actes nocturns programats durant les festes majors de Sant Cugat del Vall\u00e8s, Rub\u00ed i Terrassa.<\/p>\n<p>Els horaris d\u2019aquest refor\u00e7 de servei es poden consultar al web de Ferrocarrils www.fgc.cat i a l\u2019aplicaci\u00f3 per a m\u00f2bils de la companyia. De la mateixa manera, les persones usu\u00e0ries podran seguir la informaci\u00f3 actualitzada del servei a trav\u00e9s del perfil d\u2019X @FGC (abans Twitter).<br \/>\n21 de juny de 2024<\/p>\n","protected":false},"excerpt":{"rendered":"<p>\u00b7 Els trens de la l\u00ednia S1 (Terrassa) circularan durant quatre nits consecutives del 27 al 30 de juny \u00b7<\/p>\n","protected":false},"author":4,"featured_media":38518,"comment_status":"closed","ping_status":"open","sticky":false,"template":"","format":"standard","meta":{"footnotes":""},"categories":[1],"tags":[47,563,455],"class_list":["post-38517","post","type-post","status-publish","format-standard","has-post-thumbnail","hentry","category-general","tag-fgc-ferrocarrils-de-la-generalitat-de-catalunya","tag-reforc-del-servei","tag-s01-barcelona-placa-catalunya-a-terrasssa","comments-off"],"_links":{"self":[{"href":"https:\/\/www.agrupament.cat\/portal\/wp-json\/wp\/v2\/posts\/38517","targetHints":{"allow":["GET"]}}],"collection":[{"href":"https:\/\/www.agrupament.cat\/portal\/wp-json\/wp\/v2\/posts"}],"about":[{"href":"https:\/\/www.agrupament.cat\/portal\/wp-json\/wp\/v2\/types\/post"}],"author":[{"embeddable":true,"href":"https:\/\/www.agrupament.cat\/portal\/wp-json\/wp\/v2\/users\/4"}],"replies":[{"embeddable":true,"href":"https:\/\/www.agrupament.cat\/portal\/wp-json\/wp\/v2\/comments?post=38517"}],"version-history":[{"count":1,"href":"https:\/\/www.agrupament.cat\/portal\/wp-json\/wp\/v2\/posts\/38517\/revisions"}],"predecessor-version":[{"id":38519,"href":"https:\/\/www.agrupament.cat\/portal\/wp-json\/wp\/v2\/posts\/38517\/revisions\/38519"}],"wp:featuredmedia":[{"embeddable":true,"href":"https:\/\/www.agrupament.cat\/portal\/wp-json\/wp\/v2\/media\/38518"}],"wp:attachment":[{"href":"https:\/\/www.agrupament.cat\/portal\/wp-json\/wp\/v2\/media?parent=38517"}],"wp:term":[{"taxonomy":"category","embeddable":true,"href":"https:\/\/www.agrupament.cat\/portal\/wp-json\/wp\/v2\/categories?post=38517"},{"taxonomy":"post_tag","embeddable":true,"href":"https:\/\/www.agrupament.cat\/portal\/wp-json\/wp\/v2\/tags?post=38517"}],"curies":[{"name":"wp","href":"https:\/\/api.w.org\/{rel}","templated":true}]}}