{"id":38426,"date":"2024-06-12T18:37:48","date_gmt":"2024-06-12T17:37:48","guid":{"rendered":"https:\/\/www.agrupament.cat\/portal\/?p=38426"},"modified":"2024-06-12T18:37:48","modified_gmt":"2024-06-12T17:37:48","slug":"renfe-incorpora-una-nova-parada-a-camp-de-tarragona-en-la-relacio-madrid-barcelona","status":"publish","type":"post","link":"https:\/\/www.agrupament.cat\/portal\/2024\/06\/renfe-incorpora-una-nova-parada-a-camp-de-tarragona-en-la-relacio-madrid-barcelona\/","title":{"rendered":"Renfe incorpora una nova parada a Camp de Tarragona en la relaci\u00f3 Madrid-Barcelona"},"content":{"rendered":"<p>Entre el 15 de juny i el 15 de setembre<br \/>\n<strong>\u00b7 El tren, fins ara directe de les 9:00 hores entre Madrid i Barcelona, efectuar\u00e0 una \u00fanica parada a Tarragona a les 10:59 hores<\/strong><br \/>\n<strong>\u00b7 La companyia continua la seva estrat\u00e8gia d\u2019adaptar l\u2019oferta a la demanda<\/strong><br \/>\n<strong>\u00b7 Aquesta iniciativa complementa la posada en marxa el passat 8 d\u2019abril, quan es va incloure una parada a Camp de Tarragona a les 8:04 hores en l\u2019AVE directe Barcelona-Madrid<\/strong><\/p>\n<p>Tarragona, 10 de juny de 2024 (Renfe).<br \/>\nRenfe afegir\u00e0 una nova freq\u00fc\u00e8ncia en la relaci\u00f3 Madrid Puerta de Atocha-Barcelona Sants a partir del pr\u00f2xim dissabte 15 de juny i fins al 15 de setembre, amb la parada que el tren AVE far\u00e0 a Camp de Tarragona a les 10:59 hores. Amb aquest canvi, que nom\u00e9s incrementar\u00e0 el temps de viatge en 7 minuts entre Madrid i Barcelona, s\u2019aconsegueix atendre els clients de negocis, familiar i d\u2019oci que viatja des de Madrid a la ciutat catalana en per\u00edode estival.<\/p>\n<p>La companyia ja va millorar l\u2019oferta comercial a Camp de Tarragona el passat 8 d\u2019abril, quan va incloure una parada a les 8:04 hores en un AVE que fins llavors era directe entre Barcelona i Madrid, permetent els viatgers arribar a la capital espanyola poc despr\u00e9s de les 10 hores del mat\u00ed, un horari demandat especialment per al sector empresarial de la demarcaci\u00f3.<\/p>\n<p>Amb la nova parada a les 10:59 hores, Renfe unir\u00e0 cada dia Madrid i Tarragona amb 22 freq\u00fc\u00e8ncies (11 per sentit) en els seus trens d\u2019alta velocitat. Entre aquests, des del passat 21 de maig, s\u2019hi troben els nous trens Avlo S106 amb qu\u00e8 la companyia ha augmentat les freq\u00fc\u00e8ncies a Tarragona i un 17% en les places ofertes al corredor Barcelona-Madrid.<\/p>\n<p>Els bitllets ja es poden adquirir a tots els canals de venda, al <strong><span style=\"color: #800080;\"><a style=\"color: #800080;\" href=\"http:\/\/www.renfe.com\">web renfe.com,<\/a><\/span><\/strong> a l\u2019app de Renfe, a trav\u00e9s de la venda telef\u00f2nica al tel\u00e8fon <strong><span style=\"color: #800080;\">91 232 03 20<\/span><\/strong>, taquilles, m\u00e0quines autovenda de les estacions i a les ag\u00e8ncies de viatges.<\/p>\n","protected":false},"excerpt":{"rendered":"<p>Entre el 15 de juny i el 15 de setembre \u00b7 El tren, fins ara directe de les 9:00 hores<\/p>\n","protected":false},"author":4,"featured_media":15895,"comment_status":"closed","ping_status":"open","sticky":false,"template":"","format":"standard","meta":{"footnotes":""},"categories":[1],"tags":[41,783,236,1221],"class_list":["post-38426","post","type-post","status-publish","format-standard","has-post-thumbnail","hentry","category-general","tag-ave","tag-avlo-low-cost","tag-camp-de-tarragona","tag-paradas","comments-off"],"_links":{"self":[{"href":"https:\/\/www.agrupament.cat\/portal\/wp-json\/wp\/v2\/posts\/38426","targetHints":{"allow":["GET"]}}],"collection":[{"href":"https:\/\/www.agrupament.cat\/portal\/wp-json\/wp\/v2\/posts"}],"about":[{"href":"https:\/\/www.agrupament.cat\/portal\/wp-json\/wp\/v2\/types\/post"}],"author":[{"embeddable":true,"href":"https:\/\/www.agrupament.cat\/portal\/wp-json\/wp\/v2\/users\/4"}],"replies":[{"embeddable":true,"href":"https:\/\/www.agrupament.cat\/portal\/wp-json\/wp\/v2\/comments?post=38426"}],"version-history":[{"count":1,"href":"https:\/\/www.agrupament.cat\/portal\/wp-json\/wp\/v2\/posts\/38426\/revisions"}],"predecessor-version":[{"id":38427,"href":"https:\/\/www.agrupament.cat\/portal\/wp-json\/wp\/v2\/posts\/38426\/revisions\/38427"}],"wp:featuredmedia":[{"embeddable":true,"href":"https:\/\/www.agrupament.cat\/portal\/wp-json\/wp\/v2\/media\/15895"}],"wp:attachment":[{"href":"https:\/\/www.agrupament.cat\/portal\/wp-json\/wp\/v2\/media?parent=38426"}],"wp:term":[{"taxonomy":"category","embeddable":true,"href":"https:\/\/www.agrupament.cat\/portal\/wp-json\/wp\/v2\/categories?post=38426"},{"taxonomy":"post_tag","embeddable":true,"href":"https:\/\/www.agrupament.cat\/portal\/wp-json\/wp\/v2\/tags?post=38426"}],"curies":[{"name":"wp","href":"https:\/\/api.w.org\/{rel}","templated":true}]}}