{"id":38105,"date":"2024-04-19T13:18:16","date_gmt":"2024-04-19T12:18:16","guid":{"rendered":"https:\/\/www.agrupament.cat\/portal\/?p=38105"},"modified":"2024-04-19T13:18:16","modified_gmt":"2024-04-19T12:18:16","slug":"ferrocarrils-retola-amb-motiu-de-sant-jordi-quatre-trens-amb-noms-de-figures-clau-de-la-literatura-catalana","status":"publish","type":"post","link":"https:\/\/www.agrupament.cat\/portal\/2024\/04\/ferrocarrils-retola-amb-motiu-de-sant-jordi-quatre-trens-amb-noms-de-figures-clau-de-la-literatura-catalana\/","title":{"rendered":"Ferrocarrils retola, amb motiu de Sant Jordi, quatre trens amb noms de figures clau de la literatura catalana"},"content":{"rendered":"<p><strong>\u00b7 Les personalitats que donen nom als trens s\u00f3n \u00c0ngel Guimer\u00e0, Joan Salvat-Papasseit, Vicent Andr\u00e9s Estell\u00e9s i Montserrat Vayreda<\/strong><br \/>\n<strong>\u00b7 El dia abans de Sant Jordi, l\u2019estaci\u00f3 d\u2019FGC de Gr\u00e0cia acollir\u00e0 una lectura de textos amb acompanyament de piano<\/strong><br \/>\n<strong>\u00b7 FGC organitza la dotzena edici\u00f3 del concurs de relats breus juntament amb l\u2019Escola d\u2019Escriptura de l\u2019Ateneu Barcelon\u00e8s i la Instituci\u00f3 de les Lletres Catalanes<\/strong><\/p>\n<p>Ferrocarrils de la Generalitat de Catalunya (FGC) ha retolat, amb motiu de Sant Jordi, quatre trens amb el nom de personalitats de la literatura i la cultura catalanes que aquest any commemora el Departament de Cultura, a trav\u00e9s de la Instituci\u00f3 de les Lletres Catalanes. Aix\u00ed, donen nom a trens de Ferrocarrils: \u00c0ngel Guimer\u00e0, el dramaturg catal\u00e0 de m\u00e9s projecci\u00f3 internacional, i Joan Salvat-Papasseit, poeta i precursor del futurisme i l\u2019avantguarda a Catalunya, amb motiu del centenari de la seva mort; i Vicent Andr\u00e9s Estell\u00e9s, principal renovador de la poesia al Pa\u00eds Valenci\u00e0 des d\u2019Ausi\u00e0s March, i Montserrat Vayreda, poeta i escriptora empordanesa, amb motiu del centenari del seu naixement.<\/p>\n<p>Aquest mat\u00ed s\u2019ha descobert el vinil de retolaci\u00f3 del tren Joan Salvat-Papasseit a l\u2019estaci\u00f3 de Martorell Enlla\u00e7, de la l\u00ednia Llobregat-Anoia, amb la consellera de Territori, Ester Capella i Farr\u00e9 i la directora de la Instituci\u00f3 de les Lletres Catalanes, Izaskun Arretxe Irigoien. Aquest i el tren Montserrat Vayreda circularan a partir d\u2019avui mateix per la l\u00ednia Llobregat-Anoia de Ferrocarrils; mentre que els trens \u00c0ngel Guimer\u00e0 i Vicent Andr\u00e9s Estell\u00e9s ho faran per la l\u00ednia Barcelona-Vall\u00e8s.<\/p>\n<p>Aquests trens se sumen al conjunt de vehicles que FGC ha retolat els \u00faltims anys amb noms d\u2019escriptores i escriptors com Josep Vallverd\u00fa, Gabriel Ferrater, Merc\u00e8<br \/>\nRodoreda, Joan Fuster o Montserrat Roig.<\/p>\n<p>En el marc de la commemoraci\u00f3, Ferrocarrils difondr\u00e0 els v\u00eddeos de l\u2019Any \u00c0ngel Guimer\u00e0, l\u2019Any Joan Salvat-Papasseit, l\u2019Any Vicent Andr\u00e9s Estell\u00e9s i l\u2019Any Montserrat Vayreda a trav\u00e9s del canal FGC, pantalles de televisi\u00f3 instal\u00b7lades a les andanes de les estacions. En la mateixa l\u00ednia, l\u2019Espai Proven\u00e7a acollir\u00e0 una exposici\u00f3 de cadascun dels autors.<\/p>\n<p><strong>La Diada de Sant Jordi a FGC<\/strong><br \/>\nL\u2019estaci\u00f3 de Ferrocarrils de Gr\u00e0cia acollir\u00e0, el dilluns 22 d\u2019abril a les 18 h, una lectura de textos dels quatre autors commemorats acompanyada de piano, amb la col\u00b7laboraci\u00f3 de l\u2019associaci\u00f3 del Concurs Internacional de M\u00fasica Maria Canals i la Instituci\u00f3 de les Lletres Catalanes.<\/p>\n<p>Com cada any, coincidint amb la celebraci\u00f3 de Sant Jordi, Ferrocarrils il\u00b7luminar\u00e0 amb els colors de la senyera les voltes de l\u2019estaci\u00f3 de Pla\u00e7a Catalunya. Una estaci\u00f3 per on hi passen di\u00e0riament m\u00e9s de 90.000 persones.<\/p>\n<p><strong>Concurs de relats breus<\/strong><br \/>\nUn any m\u00e9s, Ferrocarrils, l\u2019Escola d\u2019Escriptura de l\u2019Ateneu Barcelon\u00e8s i la Instituci\u00f3 de les Lletres Catalanes organitzen el concurs literari \u2018Relats breus. Un viatge d\u2019hist\u00f2ries\u2019 on es convida les persones usu\u00e0ries de Ferrocarrils a plasmar a X (abans Twitter) o a Instagram tot all\u00f2 que els inspira el viatge en tren, ja sigui l\u2019expressi\u00f3 d\u2019una viv\u00e8ncia, d\u2019un record o b\u00e9 d\u2019un relat de ficci\u00f3.<\/p>\n<p>La participaci\u00f3 estar\u00e0 oberta fins al 23 d\u2019abril a les 23.59 h i cal acompanyar els textos que es comparteixin a X i a Instagram amb l\u2019etiqueta #FGCrelats. L\u2019extensi\u00f3 m\u00e0xima dels relats \u00e9s de 280 car\u00e0cters, inclosa l\u2019etiqueta, i hi poden participar totes les persones que ho desitgin, a partir de 14 anys. Les bases del concurs es poden consultar en aquest enlla\u00e7.<br \/>\n18 d\u2019abril de 2024<\/p>\n<p>&nbsp;<\/p>\n","protected":false},"excerpt":{"rendered":"<p>\u00b7 Les personalitats que donen nom als trens s\u00f3n \u00c0ngel Guimer\u00e0, Joan Salvat-Papasseit, Vicent Andr\u00e9s Estell\u00e9s i Montserrat Vayreda \u00b7<\/p>\n","protected":false},"author":4,"featured_media":38106,"comment_status":"closed","ping_status":"open","sticky":false,"template":"","format":"standard","meta":{"footnotes":""},"categories":[818],"tags":[47],"class_list":["post-38105","post","type-post","status-publish","format-standard","has-post-thumbnail","hentry","category-notes-de-premsa","tag-fgc-ferrocarrils-de-la-generalitat-de-catalunya","comments-off"],"_links":{"self":[{"href":"https:\/\/www.agrupament.cat\/portal\/wp-json\/wp\/v2\/posts\/38105","targetHints":{"allow":["GET"]}}],"collection":[{"href":"https:\/\/www.agrupament.cat\/portal\/wp-json\/wp\/v2\/posts"}],"about":[{"href":"https:\/\/www.agrupament.cat\/portal\/wp-json\/wp\/v2\/types\/post"}],"author":[{"embeddable":true,"href":"https:\/\/www.agrupament.cat\/portal\/wp-json\/wp\/v2\/users\/4"}],"replies":[{"embeddable":true,"href":"https:\/\/www.agrupament.cat\/portal\/wp-json\/wp\/v2\/comments?post=38105"}],"version-history":[{"count":1,"href":"https:\/\/www.agrupament.cat\/portal\/wp-json\/wp\/v2\/posts\/38105\/revisions"}],"predecessor-version":[{"id":38107,"href":"https:\/\/www.agrupament.cat\/portal\/wp-json\/wp\/v2\/posts\/38105\/revisions\/38107"}],"wp:featuredmedia":[{"embeddable":true,"href":"https:\/\/www.agrupament.cat\/portal\/wp-json\/wp\/v2\/media\/38106"}],"wp:attachment":[{"href":"https:\/\/www.agrupament.cat\/portal\/wp-json\/wp\/v2\/media?parent=38105"}],"wp:term":[{"taxonomy":"category","embeddable":true,"href":"https:\/\/www.agrupament.cat\/portal\/wp-json\/wp\/v2\/categories?post=38105"},{"taxonomy":"post_tag","embeddable":true,"href":"https:\/\/www.agrupament.cat\/portal\/wp-json\/wp\/v2\/tags?post=38105"}],"curies":[{"name":"wp","href":"https:\/\/api.w.org\/{rel}","templated":true}]}}