{"id":37670,"date":"2024-02-06T11:09:31","date_gmt":"2024-02-06T10:09:31","guid":{"rendered":"https:\/\/www.agrupament.cat\/portal\/?p=37670"},"modified":"2024-02-06T11:09:31","modified_gmt":"2024-02-06T10:09:31","slug":"transportes-adjudica-por-328-millones-de-euros-las-obras-del-tramo-que-completa-la-linea-de-alta-velocidad-murcia-almeria","status":"publish","type":"post","link":"https:\/\/www.agrupament.cat\/portal\/2024\/02\/transportes-adjudica-por-328-millones-de-euros-las-obras-del-tramo-que-completa-la-linea-de-alta-velocidad-murcia-almeria\/","title":{"rendered":"Transportes adjudica por 328 millones de euros las obras del tramo que completa la l\u00ednea de alta velocidad Murcia-Almer\u00eda"},"content":{"rendered":"<p>Nuevo impulso a la l\u00ednea de alta velocidad y al Corredor Mediterr\u00e1neo<br \/>\n<strong>\u00b7 Ya est\u00e1 en marcha toda la plataforma de la l\u00ednea, a la que se destinan 3.500 millones de euros, mientras se avanza licitando su se\u00f1alizaci\u00f3n y contratando los primeros trabajos de electrificaci\u00f3n y los proyectos de v\u00eda.<\/strong><br \/>\n<strong>\u00b7 La actuaci\u00f3n promueve tambi\u00e9n la integraci\u00f3n del ferrocarril en la ciudad de Lorca y la dota de una nueva estaci\u00f3n, que pone en valor el edificio hist\u00f3rico y fomenta la intermodalidad.<\/strong><\/p>\n<p>Madrid, 2 de febrero de 2024<br \/>\nEl Ministerio de Transportes y Movilidad Sostenible ha adjudicado, a trav\u00e9s de Adif AV, por 328 millones de euros (IVA incluido), el contrato de ejecuci\u00f3n del proyecto de construcci\u00f3n del Corredor Mediterr\u00e1neo de Alta Velocidad, en el tramo que completa la l\u00ednea de alta velocidad (LAV) Murcia-Almer\u00eda.<\/p>\n<p>El contrato, adem\u00e1s de completar la plataforma de la l\u00ednea, comprende la integraci\u00f3n del ferrocarril en Lorca (Murcia), incluido un t\u00fanel de 2,9 km y la nueva estaci\u00f3n de Lorca-Sutullena.<\/p>\n<p>Con este proyecto est\u00e1n ya en marcha (contratados, en fase de construcci\u00f3n o ejecutados) los 17 tramos que integran la plataforma de la LAV Murcia-Almer\u00eda, la base donde posteriormente se montan la v\u00eda, la electrificaci\u00f3n y el resto de los sistemas de se\u00f1alizaci\u00f3n y comunicaciones.<\/p>\n<p>La actuaci\u00f3n es un impulso decisivo en el desarrollo de la l\u00ednea, eje estrat\u00e9gico del Corredor Mediterr\u00e1neo con 3.500 millones de euros, y se avanza en distintos \u00e1mbitos: acaban de comenzar los trabajos que posibilitar\u00e1n la llegada de la alta velocidad a Almer\u00eda; se licitaron el sistema de se\u00f1alizaci\u00f3n; ya se contrataron los primeros trabajos de electrificaci\u00f3n y se avanza en los proyectos para tender las v\u00edas.<\/p>\n<p><strong>Nuevas conexiones ferroviarias<\/strong><br \/>\nLa ejecuci\u00f3n de este contrato dotar\u00e1 a la ciudad de Lorca de nuevas conexiones ferroviarias, tanto de Cercan\u00edas como de media y larga distancia, y fomentar\u00e1 su intermodalidad, al levantarse la nueva terminal junto a una estaci\u00f3n de autobuses. Adem\u00e1s, promover\u00e1 la integraci\u00f3n y permeabilidad del ferrocarril en la ciudad, al suprimirse seis pasos a nivel y generar nuevos espacios urbanos para los ciudadanos.<\/p>\n<p>El tramo de l\u00ednea a su paso por Lorca (3,2 km) incluye la construcci\u00f3n de un t\u00fanel de 2,9 km por donde, en la actualidad, discurre el tramo convencional Murcia Mercanc\u00edas-\u00c1guilas.<\/p>\n<p>El t\u00fanel canalizar\u00e1 una v\u00eda doble en ancho est\u00e1ndar para tr\u00e1fico mixto (viajeros y mercanc\u00edas) y discurre desde la estaci\u00f3n de Lorca-San Diego (conectando con el tramo Totana-Lorca, en construcci\u00f3n) hasta el cruce con la carretera RM-11, enlazando con el tramo Lorca-Pulp\u00ed, tambi\u00e9n en ejecuci\u00f3n.<\/p>\n<p>El paso de la LAV por Lorca representa un gran desaf\u00edo t\u00e9cnico, la construcci\u00f3n del t\u00fanel bajo el antiguo cauce del r\u00edo Guadalet\u00edn. La actuaci\u00f3n se realizar\u00e1 por fases, mediante atagu\u00edas que desviar\u00e1n provisionalmente el cauce del r\u00edo. Una vez completada la obra, se repondr\u00e1 el cauce a su estado original.<\/p>\n<p><strong>Estaci\u00f3n que a\u00fana historia y futuro de la movilidad<\/strong><br \/>\nEn la parte central del tramo se levantar\u00e1 la nueva estaci\u00f3n Lorca-Sutullena; un edificio en superficie que primar\u00e1 la iluminaci\u00f3n natural y la accesibilidad, favoreciendo el flujo de viajeros y la comunicaci\u00f3n con los andenes y las v\u00edas soterradas (dos andenes laterales para trenes de alta velocidad y otro central para Cercan\u00edas).<\/p>\n<p>Con una superficie de 2.314 m2, seis veces m\u00e1s que la actual, la estaci\u00f3n responder\u00e1 al incremento de viajeros y ser\u00e1 el resultado de aunar y poner en valor el edificio hist\u00f3rico, referente de la ciudad y Patrimonio Cultural de la Regi\u00f3n, con una nueva \u00e1rea ampliada.<\/p>\n<p>Las obras de ambas actuaciones ser\u00e1n desarrolladas por la UTE integrada por OHLA, Sando y Hormigones Asf\u00e1lticos Andaluces.<\/p>\n<p>Esta actuaci\u00f3n contribuye a la consecuci\u00f3n de los Objetivos de Desarrollo Sostenible (ODS) 9, que promueve infraestructuras fiables, sostenibles de y de calidad; 11 (ciudades inclusivas), 7 (sostenibilidad) y 8 (desarrollo econ\u00f3mico y generaci\u00f3n de empleo).<\/p>\n<p><strong>Financiaci\u00f3n Europea<\/strong><br \/>\nEsta actuaci\u00f3n podr\u00e1 ser cofinanciada por el Fondo Europeo de Desarrollo Regional (FEDER).<\/p>\n<p>&nbsp;<\/p>\n","protected":false},"excerpt":{"rendered":"<p>Nuevo impulso a la l\u00ednea de alta velocidad y al Corredor Mediterr\u00e1neo \u00b7 Ya est\u00e1 en marcha toda la plataforma<\/p>\n","protected":false},"author":4,"featured_media":0,"comment_status":"closed","ping_status":"open","sticky":false,"template":"","format":"standard","meta":{"footnotes":""},"categories":[818],"tags":[229,986,87,831,1616,69,174],"class_list":["post-37670","post","type-post","status-publish","format-standard","hentry","category-notes-de-premsa","tag-almeria","tag-alta-velocidad","tag-corredor-del-mediterrani","tag-ferrocarril","tag-integracion","tag-mitva-ministerio-de-fomento","tag-murcia","comments-off"],"_links":{"self":[{"href":"https:\/\/www.agrupament.cat\/portal\/wp-json\/wp\/v2\/posts\/37670","targetHints":{"allow":["GET"]}}],"collection":[{"href":"https:\/\/www.agrupament.cat\/portal\/wp-json\/wp\/v2\/posts"}],"about":[{"href":"https:\/\/www.agrupament.cat\/portal\/wp-json\/wp\/v2\/types\/post"}],"author":[{"embeddable":true,"href":"https:\/\/www.agrupament.cat\/portal\/wp-json\/wp\/v2\/users\/4"}],"replies":[{"embeddable":true,"href":"https:\/\/www.agrupament.cat\/portal\/wp-json\/wp\/v2\/comments?post=37670"}],"version-history":[{"count":1,"href":"https:\/\/www.agrupament.cat\/portal\/wp-json\/wp\/v2\/posts\/37670\/revisions"}],"predecessor-version":[{"id":37671,"href":"https:\/\/www.agrupament.cat\/portal\/wp-json\/wp\/v2\/posts\/37670\/revisions\/37671"}],"wp:attachment":[{"href":"https:\/\/www.agrupament.cat\/portal\/wp-json\/wp\/v2\/media?parent=37670"}],"wp:term":[{"taxonomy":"category","embeddable":true,"href":"https:\/\/www.agrupament.cat\/portal\/wp-json\/wp\/v2\/categories?post=37670"},{"taxonomy":"post_tag","embeddable":true,"href":"https:\/\/www.agrupament.cat\/portal\/wp-json\/wp\/v2\/tags?post=37670"}],"curies":[{"name":"wp","href":"https:\/\/api.w.org\/{rel}","templated":true}]}}