{"id":37346,"date":"2023-12-15T12:23:50","date_gmt":"2023-12-15T11:23:50","guid":{"rendered":"https:\/\/www.agrupament.cat\/portal\/?p=37346"},"modified":"2023-12-15T12:23:50","modified_gmt":"2023-12-15T11:23:50","slug":"renfe-reconocida-como-la-empresa-espanola-del-ano-en-francia-por-poner-al-ave-a-competir-fuera-de-casa","status":"publish","type":"post","link":"https:\/\/www.agrupament.cat\/portal\/2023\/12\/renfe-reconocida-como-la-empresa-espanola-del-ano-en-francia-por-poner-al-ave-a-competir-fuera-de-casa\/","title":{"rendered":"Renfe reconocida como la Empresa Espa\u00f1ola del a\u00f1o en Francia por poner al AVE a competir fuera de casa"},"content":{"rendered":"<p>14-12-2023<br \/>\n<strong>\u00b7 Renfe ha confirmado la reserva de horarios para 2024 para llegar a Par\u00eds y aumentar sus operaciones en Francia hasta 16 trenes AVE al d\u00eda<\/strong><br \/>\n<strong>\u00b7 Renfe comenz\u00f3 a operar en Francia hace 5 meses con trenes a Marsella y Lyon y en este tiempo ha transportado a m\u00e1s de 250.000 viajeros, con un 80% de ocupaci\u00f3n media.<\/strong><\/p>\n<p>El a\u00f1o 2023 ha sido el del estreno de Renfe como competidor en el mercado ferroviario franc\u00e9s. Un hito para la empresa espa\u00f1ola y un punto de inflexi\u00f3n en su crecimiento internacional que ha merecido el reconocimiento de la C\u00e1mara de Comercio de Espa\u00f1a en Francia (COCEF) como la Empresa Espa\u00f1ola del a\u00f1o. El presidente de Renfe, Ra\u00fcl Blanco, recibi\u00f3 ayer este premio en Par\u00eds y confirm\u00f3 el objetivo empresarial de la empresa: llegar a Par\u00eds y crecer exponencialmente en el mercado franc\u00e9s el pr\u00f3ximo a\u00f1o.<\/p>\n<p>El 13 de julio fue la primera vez que un maquinista espa\u00f1ol prest\u00f3 el servicio comercial de un tren AVE m\u00e1s all\u00e1 de Perpi\u00f1\u00e1n. Renfe consigui\u00f3 iniciar sus operaciones AVE en solitario en el mercado franc\u00e9s en tiempo r\u00e9cord al completar todos los tr\u00e1mites t\u00e9cnicos, operativos y administrativos con personal propio. El despliegue operativo se realiz\u00f3 de forma paulatina durante el verano para garantizar la estabilidad del servicio, hasta alcanzar las 28 circulaciones semanales.<\/p>\n<p>Tras esta apertura de mercado, Renfe ha confirmado con el gestor de la infraestructura francesa (SNCF R\u00e9sau) la reserva de horarios para extender sus operaciones hasta Par\u00eds y cuatriplicar sus servicios en Francia en 2024.<\/p>\n<p>El plan operativo de Renfe en Francia confirmado contempla pasar de las actuales cuatro operaciones diarias a 16 circulaciones AVE al d\u00eda, comenzar a competir en el principal corredor de movilidad franc\u00e9s, el que conecta Par\u00eds con Lyon y Marsella y aumentar las rutas internacionales entre Espa\u00f1a y Francia para unir con trenes AVE Par\u00eds con Barcelona, adem\u00e1s de Lyon con Barcelona y Marsella con Barcelona y Madrid.<\/p>\n<p>Gare de Lyon ser\u00e1 la cabecera de los trenes AVE de Renfe en Par\u00eds. Adem\u00e1s, la compa\u00f1\u00eda ampliar\u00e1 la relaci\u00f3n de estaciones servidas en territorio franc\u00e9s sumando tres nuevas paradas en distintas rutas: Lyon Perrache, Montpellier Sud de France y Nimes Port-du-Gard.<\/p>\n<p>En total el AVE conectar\u00e1 17 destinos a ambos lados de la frontera y dar\u00e1 servicio a 20 estaciones.<\/p>\n<p><strong>Trenes de gran capacidad<\/strong><br \/>\nLas nuevas operaciones de Renfe en Francia supondr\u00e1n un aumento exponencial de la capacidad gracias a la entrada en servicio de los nuevos trenes AVE s-106, con m\u00e1s de 500 plazas por tren. Con el plan operativo previsto, Renfe podr\u00e1 completar una oferta de 2,7 millones de plazas al a\u00f1o. Con un \u00edndice de ocupaci\u00f3n medio como el obtenido hasta el momento en Francia, del 80%, eso se traduce en una demanda anual de m\u00e1s de 2,1 millones de billetes AVE.<\/p>\n<p>La reserva de los horarios de circulaci\u00f3n para 2024 se ha confirmado para este despliegue operativo a partir del 1 de septiembre. Se ha realizado esta previsi\u00f3n en base al avance del proceso de homologaci\u00f3n del material AVE s-106 que Talgo est\u00e1 realizando en Francia, con el apoyo y acompa\u00f1amiento de Renfe.<\/p>\n<p>El deseo de Renfe no deja de ser llegar en AVE a los Juegos Ol\u00edmpicos de Par\u00eds y, si fuera posible cumplir en ese plazo con todos los requisitos para iniciar operaciones, lo har\u00e1 aprovechando los surcos libres que tenga disponibles SNCF R\u00e9seau con un despliegue paulatino como el llevado a cabo este primer a\u00f1o de servicio.<\/p>\n<p><strong>Satisfacci\u00f3n por el inicio de operaciones<\/strong><br \/>\nRenfe cierra 2023 con cuatro servicios diarios AVE consolidados, que unen Espa\u00f1a (Madrid, Zaragoza y Barcelona) con Francia (Lyon y Marsella), con una oferta de 9.000 plazas semanales. La oferta global de los servicios internacionales de AVE conecta en la actualidad 16 destinos y ha recuperado la conectividad directa en tren entre el sur de Francia y Espa\u00f1a.<\/p>\n<p>Renfe consigui\u00f3 comenzar a competir en el mercado franc\u00e9s hace solo cinco meses y en este tiempo ha conseguido estabilizar las operaciones en una nueva infraestructura de bastante complejidad, dar a conocer entre el p\u00fablico franc\u00e9s (y el alto porcentaje de viajeros internacionales de estas rutas) la marca AVE, establecer un sistema din\u00e1mico de precios que garantice la sostenibilidad del servicio y transportar a m\u00e1s de 250.000 viajeros, con una ocupaci\u00f3n media por encima del 80 por ciento y el cartel de \u201ctren completo\u201d en fechas clave.<\/p>\n<p>El colof\u00f3n a este a\u00f1o de estreno ha sido el reconocimiento de la C\u00e1mara de Comercio Hispano-Francesa que ha considerado a Renfe la empresa espa\u00f1ola del a\u00f1o en Francia. El presidente de Renfe, Ra\u00fcl Blanco, recogi\u00f3 este premio en una gala celebrada el 13 de diciembre en Par\u00eds y destac\u00f3 la importancia la decidida apuesta de Renfe por convertirse en un operador de referencia en el mercado franc\u00e9s.<\/p>\n<p>\u201cHemos venido con la intenci\u00f3n de quedarnos, ofreciendo cada vez una oferta m\u00e1s extendida, siempre bajo la premisa de la calidad. Queremos que los viajeros en Francia, tanto nacionales como visitantes, aprecien los trenes de Renfe y valoren el nivel de calidad de nuestra oferta y est\u00e9n encantados de subir a bordo\u201d, concluy\u00f3.<\/p>\n","protected":false},"excerpt":{"rendered":"<p>14-12-2023 \u00b7 Renfe ha confirmado la reserva de horarios para 2024 para llegar a Par\u00eds y aumentar sus operaciones en<\/p>\n","protected":false},"author":4,"featured_media":37347,"comment_status":"closed","ping_status":"open","sticky":false,"template":"","format":"standard","meta":{"footnotes":""},"categories":[818],"tags":[41,37,103,72],"class_list":["post-37346","post","type-post","status-publish","format-standard","has-post-thumbnail","hentry","category-notes-de-premsa","tag-ave","tag-espana","tag-francia","tag-renfe-operadora","comments-off"],"_links":{"self":[{"href":"https:\/\/www.agrupament.cat\/portal\/wp-json\/wp\/v2\/posts\/37346","targetHints":{"allow":["GET"]}}],"collection":[{"href":"https:\/\/www.agrupament.cat\/portal\/wp-json\/wp\/v2\/posts"}],"about":[{"href":"https:\/\/www.agrupament.cat\/portal\/wp-json\/wp\/v2\/types\/post"}],"author":[{"embeddable":true,"href":"https:\/\/www.agrupament.cat\/portal\/wp-json\/wp\/v2\/users\/4"}],"replies":[{"embeddable":true,"href":"https:\/\/www.agrupament.cat\/portal\/wp-json\/wp\/v2\/comments?post=37346"}],"version-history":[{"count":1,"href":"https:\/\/www.agrupament.cat\/portal\/wp-json\/wp\/v2\/posts\/37346\/revisions"}],"predecessor-version":[{"id":37348,"href":"https:\/\/www.agrupament.cat\/portal\/wp-json\/wp\/v2\/posts\/37346\/revisions\/37348"}],"wp:featuredmedia":[{"embeddable":true,"href":"https:\/\/www.agrupament.cat\/portal\/wp-json\/wp\/v2\/media\/37347"}],"wp:attachment":[{"href":"https:\/\/www.agrupament.cat\/portal\/wp-json\/wp\/v2\/media?parent=37346"}],"wp:term":[{"taxonomy":"category","embeddable":true,"href":"https:\/\/www.agrupament.cat\/portal\/wp-json\/wp\/v2\/categories?post=37346"},{"taxonomy":"post_tag","embeddable":true,"href":"https:\/\/www.agrupament.cat\/portal\/wp-json\/wp\/v2\/tags?post=37346"}],"curies":[{"name":"wp","href":"https:\/\/api.w.org\/{rel}","templated":true}]}}