{"id":36930,"date":"2023-07-26T23:27:41","date_gmt":"2023-07-26T22:27:41","guid":{"rendered":"https:\/\/www.agrupament.cat\/portal\/?p=36930"},"modified":"2023-07-26T23:27:41","modified_gmt":"2023-07-26T22:27:41","slug":"ferrocarrils-installa-un-nou-sistema-dorientacio-per-veu-per-a-persones-amb-discapacitat-visual","status":"publish","type":"post","link":"https:\/\/www.agrupament.cat\/portal\/2023\/07\/ferrocarrils-installa-un-nou-sistema-dorientacio-per-veu-per-a-persones-amb-discapacitat-visual\/","title":{"rendered":"Ferrocarrils instal\u00b7la un nou sistema d&#8217;orientaci\u00f3 per veu per a persones amb discapacitat visual"},"content":{"rendered":"<p><strong>\u00b7 Les persones que l\u2019utilitzin obtindran informaci\u00f3 accessible per orientar-se a les estacions i gaudir d\u2019una major independ\u00e8ncia i autonomia en els seus despla\u00e7aments<\/strong><br \/>\n<strong>\u00b7 El sistema est\u00e0 en funcionament, a partir d\u2019avui, a totes les estacions de les L\u00ednies Metropolitanes d\u2019FGC<\/strong><\/p>\n<p>La consellera de Territori, Ester Capella i Farr\u00e9, acompanyada del director d\u2019FGC Operadora, Oriol Juncadella i Fortuny, ha visitat aquest mat\u00ed l\u2019estaci\u00f3 d\u2019FGC de Gr\u00e0cia, coincidint amb la posada en servei, a les estacions de les l\u00ednies Barcelona-Vall\u00e8s i Llobregat-Anoia, d\u2019un sistema d\u2019orientaci\u00f3 per veu dirigit especialment a persones amb discapacitat visual.<\/p>\n<p>La posada en servei d\u2019aquest sistema a la xarxa de Ferrocarrils permetr\u00e0 accedir a la mateixa informaci\u00f3 que ofereix la senyal\u00edstica convencional a les persones cegues, aix\u00ed com a un ampli ventall de persones usu\u00e0ries, ja siguin persones amb discapacitat cognitiva, amb discapacitat intel\u00b7lectual, analfabetes funcionals o amb desconeixement de l\u2019idioma.<\/p>\n<p>Capella ha emmarcat aquesta actuaci\u00f3 en la tasca d\u2019FGC, \u201crefer\u00e8ncia internacional pel seu comprom\u00eds amb l\u2019accessibilitat\u201d, per tal que \u201csigui possible utilitzar el sistema ferroviari de manera aut\u00f2noma per totes les persones\u201d. La consellera de Territori ha posat de relleu que l\u2019empresa p\u00fablica \u201ct\u00e9 una xarxa adaptada al 100% a persones amb mobilitat redu\u00efda des de 2017 i amb l\u2019objectiu d\u2019assolir l\u2019accessibilitat universal, mant\u00e9 una estreta col\u00b7laboraci\u00f3 amb tots els col\u00b7lectius que defensen els drets de les persones amb discapacitat\u201d.<\/p>\n<p><strong>\u201cTreballem per eliminar totes les barreres amb qu\u00e8 es poden trobar totes les persones. Les administracions hem d\u2019estar atentes, hi hem de ser i hem de treballar col\u00b7laborativament perqu\u00e8 tothom gaudeixi en igualtat d\u2019oportunitats de tots els drets\u201d,<\/strong> ha exposat la consellera Capella.<\/p>\n<p>El funcionament del nou sistema d\u2019orientaci\u00f3 per veu \u00e9s molt senzill, escanejant a dist\u00e0ncia amb el tel\u00e8fon m\u00f2bil unes etiquetes de codis de colors ubicades als diferents elements de les estacions d\u2019FGC com accessos, escales, ascensors, andanes, senyalitzaci\u00f3, int\u00e8rfons, barreres tarif\u00e0ries o m\u00e0quines expenedores, les persones usu\u00e0ries obtindran per una locuci\u00f3 la informaci\u00f3 accessible per orientar-se en els seus moviments dins les estacions i, per tant, gaudir d\u2019independ\u00e8ncia, autonomia i certesa en els seus despla\u00e7aments.<\/p>\n<p>El nou sistema d\u2019orientaci\u00f3 per veu funciona mitjan\u00e7ant l\u2019aplicaci\u00f3 gratu\u00efta NaviLens, disponible per a tel\u00e8fons Android i iOS, que detecta els codis de colors amb la c\u00e0mera d\u2019un dispositiu m\u00f2bil. Es tracta de codis BIDI, semblants als codis QR, que ofereixen molts avantatges respecte a aquests \u00faltims ja que es poden detectar 12 vegades m\u00e9s lluny (a una dist\u00e0ncia de fins a 20 metres), en moviment, a m\u00e9s velocitat i sense necessitat d\u2019enfocar o tenir enquadrat el codi a la pantalla del m\u00f2bil. La persona que en fa \u00fas no necessita saber pr\u00e8viament on estan col\u00b7locades les etiquetes de codis sin\u00f3 que nom\u00e9s ha d\u2019escanejar al seu voltant amb l\u2019aplicaci\u00f3 i obtindr\u00e0 la informaci\u00f3 auditiva en l\u2019idioma en qu\u00e8 estigui configurat el tel\u00e8fon m\u00f2bil. Per aix\u00f2, tamb\u00e9 facilitar\u00e0 la comprensi\u00f3 de la senyal\u00edstica a persones que utilitzin una llengua estrangera, mitjan\u00e7ant la traducci\u00f3 autom\u00e0tica.<\/p>\n<p>FGC, en el seu prop\u00f2sit de garantir l\u2019accessibilitat universal i de disposar d\u2019unes instal\u00b7lacions accessibles que permetin utilitzar el servei ferroviari de manera aut\u00f2noma a totes les persones usu\u00e0ries, segueix treballant en col\u00b7laboraci\u00f3 estreta amb els col\u00b7lectius d\u2019invidents per millorar la seva mobilitat en concret i la de totes aquelles persones que tinguin dificultats o problemes per orientar-se.<\/p>\n<p>Per informar a les persones usu\u00e0ries sobre aquest nou sistema d\u2019orientaci\u00f3 per veu, Ferrocarrils ha habilitat un nou espai web<span style=\"color: #48ba25;\"><strong><a style=\"color: #48ba25;\" href=\"https:\/\/www.fgc.cat\/sistemaorientacioperveu\/\">,www.fgc.cat\/sistemaorientacioperveu<\/a><\/strong><\/span>, que inclou un v\u00eddeo testimonial i informaci\u00f3 sobre el sistema.<\/p>\n<p>Aquest projecte compta amb finan\u00e7ament dels fons Next Generation EU i del Plan de Recuperaci\u00f3n, Transformaci\u00f3n y Resiliencia.<\/p>\n<p><strong>Una xarxa de tren 100% adaptada a persones amb mobilitat redu\u00efda<\/strong><br \/>\nEls serveis ferroviaris de Ferrocarrils de la Generalitat de Catalunya estan totalment adaptats per a persones amb mobilitat redu\u00efda des del setembre del 2017, quan l\u2019estaci\u00f3 del Putxet de la l\u00ednia Barcelona-Vall\u00e8s va quedar adaptada amb la instal\u00b7laci\u00f3 de dos ascensors per a eliminar la darrera barrera arquitect\u00f2nica existent a la xarxa. Des d\u2019aleshores, totes les estacions de Ferrocarrils compten amb accessos adaptats. D\u2019aquesta manera, el 100% de les estacions i dels trens de les l\u00ednies Barcelona-Vall\u00e8s, Llobregat-Anoia i Lleida-La Pobla s\u00f3n accessibles.<\/p>\n<p>Amb l\u2019objectiu d\u2019assolir l\u2019accessibilitat universal, Ferrocarrils col\u00b7labora amb entitats com l\u2019ONCE, l\u2019ACIC, la Federaci\u00f3 ECOM, la Federaci\u00f3 DINCAT, CAPA\u00c7, l\u2019Associaci\u00f3 Catalana per a la Promoci\u00f3 de les Persones amb Sordesa (ACAPPS) o Catal\u00f2nia Fundaci\u00f3 Creativa per a identificar i eliminar les barreres que es poden trobar aquests col\u00b7lectius a l\u2019hora de programar els seus despla\u00e7aments o viatjar, i per anar implantant mesures d\u2019accessibilitat en la comunicaci\u00f3 dirigides a persones amb discapacitat sensorial.<\/p>\n<p>L\u2019Estrat\u00e8gia d\u2019Activisme 2020-2030 d\u2019FGC recull l\u2019accessibilitat universal en la mobilitat i en el lleure com un dels reptes de la companyia amb infraestructures, depend\u00e8ncies i serveis que garanteixin una<\/p>\n","protected":false},"excerpt":{"rendered":"<p>\u00b7 Les persones que l\u2019utilitzin obtindran informaci\u00f3 accessible per orientar-se a les estacions i gaudir d\u2019una major independ\u00e8ncia i autonomia<\/p>\n","protected":false},"author":4,"featured_media":36931,"comment_status":"closed","ping_status":"open","sticky":false,"template":"","format":"standard","meta":{"footnotes":""},"categories":[818],"tags":[1106,47,73,1390],"class_list":["post-36930","post","type-post","status-publish","format-standard","has-post-thumbnail","hentry","category-notes-de-premsa","tag-accesibilitat","tag-fgc-ferrocarrils-de-la-generalitat-de-catalunya","tag-generalitat-de-catalunya-territori-i-sostenibilitat","tag-personas-con-discapacidad","comments-off"],"_links":{"self":[{"href":"https:\/\/www.agrupament.cat\/portal\/wp-json\/wp\/v2\/posts\/36930","targetHints":{"allow":["GET"]}}],"collection":[{"href":"https:\/\/www.agrupament.cat\/portal\/wp-json\/wp\/v2\/posts"}],"about":[{"href":"https:\/\/www.agrupament.cat\/portal\/wp-json\/wp\/v2\/types\/post"}],"author":[{"embeddable":true,"href":"https:\/\/www.agrupament.cat\/portal\/wp-json\/wp\/v2\/users\/4"}],"replies":[{"embeddable":true,"href":"https:\/\/www.agrupament.cat\/portal\/wp-json\/wp\/v2\/comments?post=36930"}],"version-history":[{"count":1,"href":"https:\/\/www.agrupament.cat\/portal\/wp-json\/wp\/v2\/posts\/36930\/revisions"}],"predecessor-version":[{"id":36932,"href":"https:\/\/www.agrupament.cat\/portal\/wp-json\/wp\/v2\/posts\/36930\/revisions\/36932"}],"wp:featuredmedia":[{"embeddable":true,"href":"https:\/\/www.agrupament.cat\/portal\/wp-json\/wp\/v2\/media\/36931"}],"wp:attachment":[{"href":"https:\/\/www.agrupament.cat\/portal\/wp-json\/wp\/v2\/media?parent=36930"}],"wp:term":[{"taxonomy":"category","embeddable":true,"href":"https:\/\/www.agrupament.cat\/portal\/wp-json\/wp\/v2\/categories?post=36930"},{"taxonomy":"post_tag","embeddable":true,"href":"https:\/\/www.agrupament.cat\/portal\/wp-json\/wp\/v2\/tags?post=36930"}],"curies":[{"name":"wp","href":"https:\/\/api.w.org\/{rel}","templated":true}]}}